{"id":4347,"date":"2026-05-01T12:38:10","date_gmt":"2026-05-01T12:38:10","guid":{"rendered":"https:\/\/enminutostlx.com\/?p=4347"},"modified":"2026-05-01T12:38:11","modified_gmt":"2026-05-01T12:38:11","slug":"la-caravana-de-la-alegria-esta-llegando","status":"publish","type":"post","link":"https:\/\/enminutostlx.com\/?p=4347","title":{"rendered":"\u00a1LA CARAVANA DE LA ALEGR\u00cdA EST\u00c1 LLEGANDO!"},"content":{"rendered":"\n<p>\u00a1Se acerca el D\u00eda de la Ni\u00f1a y el Ni\u00f1o y queremos festejarlo en grande!<\/p>\n\n\n\n<p>El presidente Filo Palafox Dorantes en coordinaci\u00f3n con el SMDIF de Terrenate que encabeza la presidenta, Irma Garc\u00eda Ayala \ufffcte invitan al mejor show de todos, en un recorrido m\u00e1gico por nuestras comunidades.<\/p>\n\n\n\n<p>Tendremos sorpresas, personajes y much\u00edsima diversi\u00f3n para los m\u00e1s peque\u00f1os.<\/p>\n\n\n\n<p>\u00a1Revisa los horarios y espera la caravana!<\/p>\n\n\n\n<p>RANCHER\u00cdAS<\/p>\n\n\n\n<p><img decoding=\"async\" alt=\"\ud83d\udcc6\" src=\"https:\/\/static.xx.fbcdn.net\/images\/emoji.php\/v9\/tff\/1\/16\/1f4c6.png\"> 30 de abril<\/p>\n\n\n\n<p><img decoding=\"async\" alt=\"\ud83d\udcc5\" src=\"https:\/\/static.xx.fbcdn.net\/images\/emoji.php\/v9\/t7e\/1\/16\/1f4c5.png\"> S\u00e1bado 2 de mayo 2026<\/p>\n\n\n\n<p><img decoding=\"async\" alt=\"\ud83d\udccd\" src=\"https:\/\/static.xx.fbcdn.net\/images\/emoji.php\/v9\/t2d\/1\/16\/1f4cd.png\"> Ruta y Horarios:<\/p>\n\n\n\n<p>\u2022 <img decoding=\"async\" alt=\"\ud83c\udfd8\ufe0f\" src=\"https:\/\/static.xx.fbcdn.net\/images\/emoji.php\/v9\/t5f\/1\/16\/1f3d8.png\"> Villarreal: 9:00 a.m.<\/p>\n\n\n\n<p>\u2022 <img decoding=\"async\" alt=\"\ud83c\udfd8\ufe0f\" src=\"https:\/\/static.xx.fbcdn.net\/images\/emoji.php\/v9\/t5f\/1\/16\/1f3d8.png\"> Los Ameles: 10:30 a.m.<\/p>\n\n\n\n<p>\u2022 <img decoding=\"async\" alt=\"\ud83c\udfd8\ufe0f\" src=\"https:\/\/static.xx.fbcdn.net\/images\/emoji.php\/v9\/t5f\/1\/16\/1f3d8.png\"> El Capul\u00edn: 11:30 a.m.<\/p>\n\n\n\n<p>\u2022 <img decoding=\"async\" alt=\"\ud83c\udfd8\ufe0f\" src=\"https:\/\/static.xx.fbcdn.net\/images\/emoji.php\/v9\/t5f\/1\/16\/1f3d8.png\"> Nicol\u00e1s Bravo: 12:50 p.m.<\/p>\n\n\n\n<p>\u2022 <img decoding=\"async\" alt=\"\ud83c\udfd8\ufe0f\" src=\"https:\/\/static.xx.fbcdn.net\/images\/emoji.php\/v9\/t5f\/1\/16\/1f3d8.png\"> Guadalupe Victoria: 02:00 p.m.<\/p>\n\n\n\n<p>\u2022 <img decoding=\"async\" alt=\"\ud83c\udfd8\ufe0f\" src=\"https:\/\/static.xx.fbcdn.net\/images\/emoji.php\/v9\/t5f\/1\/16\/1f3d8.png\"> Toluca: 03:20 p.m.<\/p>\n\n\n\n<p>\u2022 <img decoding=\"async\" alt=\"\ud83c\udfd8\ufe0f\" src=\"https:\/\/static.xx.fbcdn.net\/images\/emoji.php\/v9\/t5f\/1\/16\/1f3d8.png\"> Chipilo: 04:15 p.m.<\/p>\n\n\n\n<p>\u2022 <img decoding=\"async\" alt=\"\ud83c\udfd8\ufe0f\" src=\"https:\/\/static.xx.fbcdn.net\/images\/emoji.php\/v9\/t5f\/1\/16\/1f3d8.png\"> Chapultepec y centro (Parque municipal) 05:30 p.m.<\/p>\n","protected":false},"excerpt":{"rendered":"<p>\u00a1Se acerca el D\u00eda de la Ni\u00f1a y el Ni\u00f1o y queremos festejarlo en grande! El presidente Filo Palafox Dorantes en coordinaci\u00f3n con el SMDIF de Terrenate que encabeza la presidenta, Irma Garc\u00eda Ayala \ufffcte invitan al mejor show de todos, en un recorrido m\u00e1gico por nuestras comunidades. Tendremos sorpresas, personajes y much\u00edsima diversi\u00f3n para [&hellip;]<\/p>\n","protected":false},"author":2,"featured_media":4348,"comment_status":"open","ping_status":"open","sticky":false,"template":"","format":"standard","meta":{"_themeisle_gutenberg_block_has_review":false,"footnotes":""},"categories":[1],"tags":[],"class_list":["post-4347","post","type-post","status-publish","format-standard","has-post-thumbnail","hentry","category-sin-categoria"],"_links":{"self":[{"href":"https:\/\/enminutostlx.com\/index.php?rest_route=\/wp\/v2\/posts\/4347","targetHints":{"allow":["GET"]}}],"collection":[{"href":"https:\/\/enminutostlx.com\/index.php?rest_route=\/wp\/v2\/posts"}],"about":[{"href":"https:\/\/enminutostlx.com\/index.php?rest_route=\/wp\/v2\/types\/post"}],"author":[{"embeddable":true,"href":"https:\/\/enminutostlx.com\/index.php?rest_route=\/wp\/v2\/users\/2"}],"replies":[{"embeddable":true,"href":"https:\/\/enminutostlx.com\/index.php?rest_route=%2Fwp%2Fv2%2Fcomments&post=4347"}],"version-history":[{"count":1,"href":"https:\/\/enminutostlx.com\/index.php?rest_route=\/wp\/v2\/posts\/4347\/revisions"}],"predecessor-version":[{"id":4349,"href":"https:\/\/enminutostlx.com\/index.php?rest_route=\/wp\/v2\/posts\/4347\/revisions\/4349"}],"wp:featuredmedia":[{"embeddable":true,"href":"https:\/\/enminutostlx.com\/index.php?rest_route=\/wp\/v2\/media\/4348"}],"wp:attachment":[{"href":"https:\/\/enminutostlx.com\/index.php?rest_route=%2Fwp%2Fv2%2Fmedia&parent=4347"}],"wp:term":[{"taxonomy":"category","embeddable":true,"href":"https:\/\/enminutostlx.com\/index.php?rest_route=%2Fwp%2Fv2%2Fcategories&post=4347"},{"taxonomy":"post_tag","embeddable":true,"href":"https:\/\/enminutostlx.com\/index.php?rest_route=%2Fwp%2Fv2%2Ftags&post=4347"}],"curies":[{"name":"wp","href":"https:\/\/api.w.org\/{rel}","templated":true}]}}