{"id":4351,"date":"2026-05-01T12:40:59","date_gmt":"2026-05-01T12:40:59","guid":{"rendered":"https:\/\/enminutostlx.com\/?p=4351"},"modified":"2026-05-01T12:40:59","modified_gmt":"2026-05-01T12:40:59","slug":"terrenate-es-sede-de-la-ix-demostracion-de-artes-y-tecnologias-de-telesecundarias-un-encuentro-de-talento-y-cultura","status":"publish","type":"post","link":"https:\/\/enminutostlx.com\/?p=4351","title":{"rendered":"Terrenate es sede de la IX Demostraci\u00f3n de Artes y Tecnolog\u00edas de Telesecundarias: Un encuentro de talento y cultura"},"content":{"rendered":"\n<p>El Complejo Cultural de Terrenate se visti\u00f3 de gala para recibir la IX Demostraci\u00f3n de Artes y Tecnolog\u00edas de la Zona Escolar 04, un evento que congreg\u00f3 a la comunidad educativa de la regi\u00f3n para celebrar la creatividad, el aprendizaje y la identidad cultural de los j\u00f3venes estudiantes.<\/p>\n\n\n\n<p>La jornada inici\u00f3 con una c\u00e1lida recepci\u00f3n por parte de nuestro presidente C. Filo Palafox Dorantes. Subrayando que para su administraci\u00f3n la educaci\u00f3n y la cultura son pilares fundamentales.<\/p>\n\n\n\n<p>&#8220;Es un gusto recibir en nuestro municipio a los directivos, maestros, padres de familia y, de manera muy especial, a los estudiantes. Bienvenidos a Terrenate, \u00a1su casa!&#8221;, expres\u00f3 el presidente, quien enfatiz\u00f3 que el compromiso del gobierno fue facilitar la log\u00edstica, el mobiliario y la seguridad necesaria para que los j\u00f3venes pudieran enfocarse exclusivamente en demostrar su talento.<\/p>\n\n\n\n<p>El evento estuvo bajo la destacada coordinaci\u00f3n del Mtro. Nah\u00fam Felipe Hern\u00e1ndez L\u00f3pez, Jefe del Departamento de Telesecundarias de la SEPE-USET,<\/p>\n\n\n\n<p>cuya presencia reafirm\u00f3 el respaldo institucional a estos encuentros pedag\u00f3gicos.<\/p>\n\n\n\n<p>Las autoridades presentes, junto con el Presidente Municipal, realizaron un recorrido por cada uno de los stands instalados por las diversas instituciones participantes.<\/p>\n\n\n\n<p>Estudiantes de los municipios de Apizaco, Huamantla y Terrenate demostraron sus aprendizajes a trav\u00e9s de una amplia gama de expresiones art\u00edsticas y t\u00e9cnicas que incluyeron:<\/p>\n\n\n\n<p><img decoding=\"async\" alt=\"\ud83d\udd8c\ufe0f\" src=\"https:\/\/static.xx.fbcdn.net\/images\/emoji.php\/v9\/t38\/1\/16\/1f58c.png\">Artes Esc\u00e9nicas: Bailes regionales, canto y m\u00fasica.<\/p>\n\n\n\n<p><img decoding=\"async\" alt=\"\ud83c\udfb6\" src=\"https:\/\/static.xx.fbcdn.net\/images\/emoji.php\/v9\/t1f\/1\/16\/1f3b6.png\">Cultura Musical: Participaci\u00f3n de destacadas bandas de m\u00fasica.<\/p>\n\n\n\n<p><img decoding=\"async\" alt=\"\ud83c\udfa8\" src=\"https:\/\/static.xx.fbcdn.net\/images\/emoji.php\/v9\/t82\/1\/16\/1f3a8.png\">Artes Pl\u00e1sticas: Exposiciones visuales que reflejan la sensibilidad juvenil.<\/p>\n\n\n\n<p><img decoding=\"async\" alt=\"\ud83d\udcc8\" src=\"https:\/\/static.xx.fbcdn.net\/images\/emoji.php\/v9\/t1\/1\/16\/1f4c8.png\">Tecnolog\u00eda: Proyectos innovadores en el \u00e1rea de tecnolog\u00edas de alimentos.<\/p>\n\n\n\n<p>M\u00e1s all\u00e1 de las presentaciones, la demostraci\u00f3n reflej\u00f3 la suma de esfuerzos de toda la comunidad. Se destac\u00f3 el trabajo dedicado de los docentes que orientan y acompa\u00f1an los procesos formativos, as\u00ed como el respaldo fundamental de las madres y padres de familia, cuya confianza hace posible que sus hijos participen en estas experiencias significativas.<\/p>\n\n\n\n<p>Este tipo de encuentros no solo fortalecen las habilidades t\u00e9cnicas y art\u00edsticas del alumnado, sino que fomentan el trabajo colaborativo, la aplicaci\u00f3n pr\u00e1ctica de conocimientos y un profundo sentido de pertenencia a su comunidad y al estado de Tlaxcala.<\/p>\n\n\n\n<p>Este evento se consolida como uno de los m\u00e1s importantes de la Zona 04, reafirmando que el arte y la tecnolog\u00eda son motores de cambio en la formaci\u00f3n integral de la juventud.<\/p>\n","protected":false},"excerpt":{"rendered":"<p>El Complejo Cultural de Terrenate se visti\u00f3 de gala para recibir la IX Demostraci\u00f3n de Artes y Tecnolog\u00edas de la Zona Escolar 04, un evento que congreg\u00f3 a la comunidad educativa de la regi\u00f3n para celebrar la creatividad, el aprendizaje y la identidad cultural de los j\u00f3venes estudiantes. La jornada inici\u00f3 con una c\u00e1lida recepci\u00f3n [&hellip;]<\/p>\n","protected":false},"author":2,"featured_media":4352,"comment_status":"open","ping_status":"open","sticky":false,"template":"","format":"standard","meta":{"_themeisle_gutenberg_block_has_review":false,"footnotes":""},"categories":[1],"tags":[],"class_list":["post-4351","post","type-post","status-publish","format-standard","has-post-thumbnail","hentry","category-sin-categoria"],"_links":{"self":[{"href":"https:\/\/enminutostlx.com\/index.php?rest_route=\/wp\/v2\/posts\/4351","targetHints":{"allow":["GET"]}}],"collection":[{"href":"https:\/\/enminutostlx.com\/index.php?rest_route=\/wp\/v2\/posts"}],"about":[{"href":"https:\/\/enminutostlx.com\/index.php?rest_route=\/wp\/v2\/types\/post"}],"author":[{"embeddable":true,"href":"https:\/\/enminutostlx.com\/index.php?rest_route=\/wp\/v2\/users\/2"}],"replies":[{"embeddable":true,"href":"https:\/\/enminutostlx.com\/index.php?rest_route=%2Fwp%2Fv2%2Fcomments&post=4351"}],"version-history":[{"count":1,"href":"https:\/\/enminutostlx.com\/index.php?rest_route=\/wp\/v2\/posts\/4351\/revisions"}],"predecessor-version":[{"id":4353,"href":"https:\/\/enminutostlx.com\/index.php?rest_route=\/wp\/v2\/posts\/4351\/revisions\/4353"}],"wp:featuredmedia":[{"embeddable":true,"href":"https:\/\/enminutostlx.com\/index.php?rest_route=\/wp\/v2\/media\/4352"}],"wp:attachment":[{"href":"https:\/\/enminutostlx.com\/index.php?rest_route=%2Fwp%2Fv2%2Fmedia&parent=4351"}],"wp:term":[{"taxonomy":"category","embeddable":true,"href":"https:\/\/enminutostlx.com\/index.php?rest_route=%2Fwp%2Fv2%2Fcategories&post=4351"},{"taxonomy":"post_tag","embeddable":true,"href":"https:\/\/enminutostlx.com\/index.php?rest_route=%2Fwp%2Fv2%2Ftags&post=4351"}],"curies":[{"name":"wp","href":"https:\/\/api.w.org\/{rel}","templated":true}]}}