{"id":580,"date":"2023-06-26T03:02:54","date_gmt":"2023-06-26T03:02:54","guid":{"rendered":"https:\/\/enminutostlx.com\/?p=580"},"modified":"2023-06-26T03:02:55","modified_gmt":"2023-06-26T03:02:55","slug":"realizan-en-cuapiaxtla-juntos-por-la-prevencion-del-delito","status":"publish","type":"post","link":"https:\/\/enminutostlx.com\/?p=580","title":{"rendered":"Realizan en Cuapiaxtla \u201cJuntos por la prevenci\u00f3n del delito\u201d."},"content":{"rendered":"\n<p>La ma\u00f1ana de este viernes 23 de junio, se realiz\u00f3 la clausura de la semana &#8220;Juntos por la prevenci\u00f3n del delito&#8221;.<\/p>\n\n\n\n<p>En el acto, se dieron cita Ingrid Rubi Morales S\u00e1nchez, Jefa del Departamento de Prevenci\u00f3n Contra el Delito de la Secretaria de Seguridad Ciudadana; Francisco Javier Ladislao S\u00e1nchez, Delegado de la Polic\u00eda y Tr\u00e1nsito de la Comisaria de Cuapiaxtla, y en representaci\u00f3n del Presidente Municipal, Denisse Guadalupe Romero Torres, Presidenta Honor\u00edfica del SMDIF, alumnado y profesores de la Escuela Secundaria Ra\u00edz.<\/p>\n\n\n\n<p>Diferentes dependencias estatales brindaron informaci\u00f3n con stands que permitieron el desarrollo de actividades did\u00e1cticas en diversos aspectos sociales para fomentar la prevenci\u00f3n del delito.<\/p>\n","protected":false},"excerpt":{"rendered":"<p>La ma\u00f1ana de este viernes 23 de junio, se realiz\u00f3 la clausura de la semana &#8220;Juntos por la prevenci\u00f3n del delito&#8221;. En el acto, se dieron cita Ingrid Rubi Morales S\u00e1nchez, Jefa del Departamento de Prevenci\u00f3n Contra el Delito de la Secretaria de Seguridad Ciudadana; Francisco Javier Ladislao S\u00e1nchez, Delegado de la Polic\u00eda y Tr\u00e1nsito [&hellip;]<\/p>\n","protected":false},"author":2,"featured_media":581,"comment_status":"open","ping_status":"open","sticky":false,"template":"","format":"standard","meta":{"_themeisle_gutenberg_block_has_review":false,"footnotes":""},"categories":[26],"tags":[323,172,322],"class_list":["post-580","post","type-post","status-publish","format-standard","has-post-thumbnail","hentry","category-municipio","tag-clausura","tag-cuapiaxtla","tag-prevencion"],"_links":{"self":[{"href":"https:\/\/enminutostlx.com\/index.php?rest_route=\/wp\/v2\/posts\/580","targetHints":{"allow":["GET"]}}],"collection":[{"href":"https:\/\/enminutostlx.com\/index.php?rest_route=\/wp\/v2\/posts"}],"about":[{"href":"https:\/\/enminutostlx.com\/index.php?rest_route=\/wp\/v2\/types\/post"}],"author":[{"embeddable":true,"href":"https:\/\/enminutostlx.com\/index.php?rest_route=\/wp\/v2\/users\/2"}],"replies":[{"embeddable":true,"href":"https:\/\/enminutostlx.com\/index.php?rest_route=%2Fwp%2Fv2%2Fcomments&post=580"}],"version-history":[{"count":1,"href":"https:\/\/enminutostlx.com\/index.php?rest_route=\/wp\/v2\/posts\/580\/revisions"}],"predecessor-version":[{"id":582,"href":"https:\/\/enminutostlx.com\/index.php?rest_route=\/wp\/v2\/posts\/580\/revisions\/582"}],"wp:featuredmedia":[{"embeddable":true,"href":"https:\/\/enminutostlx.com\/index.php?rest_route=\/wp\/v2\/media\/581"}],"wp:attachment":[{"href":"https:\/\/enminutostlx.com\/index.php?rest_route=%2Fwp%2Fv2%2Fmedia&parent=580"}],"wp:term":[{"taxonomy":"category","embeddable":true,"href":"https:\/\/enminutostlx.com\/index.php?rest_route=%2Fwp%2Fv2%2Fcategories&post=580"},{"taxonomy":"post_tag","embeddable":true,"href":"https:\/\/enminutostlx.com\/index.php?rest_route=%2Fwp%2Fv2%2Ftags&post=580"}],"curies":[{"name":"wp","href":"https:\/\/api.w.org\/{rel}","templated":true}]}}