{"id":673,"date":"2023-07-02T02:06:39","date_gmt":"2023-07-02T02:06:39","guid":{"rendered":"https:\/\/enminutostlx.com\/?p=673"},"modified":"2023-07-27T14:08:18","modified_gmt":"2023-07-27T14:08:18","slug":"invitan-a-jornada-de-salud-en-villarreal-terrenate","status":"publish","type":"post","link":"https:\/\/enminutostlx.com\/?p=673","title":{"rendered":"Invitan a jornada de salud en Villarreal Terrenate."},"content":{"rendered":"\n<p>El ayuntamiento de Terrenate que encabeza, Edgardo Olivares Cruz, en coordinaci\u00f3n con el Sistema de Desarrollo Integral para la Familia, invitan a la jornada de salud en la comunidad de Villarreal.<\/p>\n\n\n\n<p>La cita es este marte 4 de julio donde la Unidad M\u00f3vil de Servicios M\u00e9dicos, brindar\u00e1n atenci\u00f3n m\u00e9dica en distintos rubros.<\/p>\n\n\n\n<p>Entre los que se encuentran es, toma de glucosa, peso y talla, toma de papanilocaou, odontolog\u00eda, nutrici\u00f3n y consulta general de 9 de la ma\u00f1ana a 3 de la tarde.<\/p>\n","protected":false},"excerpt":{"rendered":"<p>El ayuntamiento de Terrenate que encabeza, Edgardo Olivares Cruz, en coordinaci\u00f3n con el Sistema de Desarrollo Integral para la Familia, invitan a la jornada de salud en la comunidad de Villarreal. La cita es este marte 4 de julio donde la Unidad M\u00f3vil de Servicios M\u00e9dicos, brindar\u00e1n atenci\u00f3n m\u00e9dica en distintos rubros. Entre los que [&hellip;]<\/p>\n","protected":false},"author":2,"featured_media":674,"comment_status":"open","ping_status":"open","sticky":false,"template":"","format":"standard","meta":{"_themeisle_gutenberg_block_has_review":false,"footnotes":""},"categories":[26],"tags":[73,50,157,369],"class_list":["post-673","post","type-post","status-publish","format-standard","has-post-thumbnail","hentry","category-municipio","tag-jornada","tag-salud","tag-terrenate","tag-villareal"],"_links":{"self":[{"href":"https:\/\/enminutostlx.com\/index.php?rest_route=\/wp\/v2\/posts\/673","targetHints":{"allow":["GET"]}}],"collection":[{"href":"https:\/\/enminutostlx.com\/index.php?rest_route=\/wp\/v2\/posts"}],"about":[{"href":"https:\/\/enminutostlx.com\/index.php?rest_route=\/wp\/v2\/types\/post"}],"author":[{"embeddable":true,"href":"https:\/\/enminutostlx.com\/index.php?rest_route=\/wp\/v2\/users\/2"}],"replies":[{"embeddable":true,"href":"https:\/\/enminutostlx.com\/index.php?rest_route=%2Fwp%2Fv2%2Fcomments&post=673"}],"version-history":[{"count":1,"href":"https:\/\/enminutostlx.com\/index.php?rest_route=\/wp\/v2\/posts\/673\/revisions"}],"predecessor-version":[{"id":675,"href":"https:\/\/enminutostlx.com\/index.php?rest_route=\/wp\/v2\/posts\/673\/revisions\/675"}],"wp:featuredmedia":[{"embeddable":true,"href":"https:\/\/enminutostlx.com\/index.php?rest_route=\/wp\/v2\/media\/674"}],"wp:attachment":[{"href":"https:\/\/enminutostlx.com\/index.php?rest_route=%2Fwp%2Fv2%2Fmedia&parent=673"}],"wp:term":[{"taxonomy":"category","embeddable":true,"href":"https:\/\/enminutostlx.com\/index.php?rest_route=%2Fwp%2Fv2%2Fcategories&post=673"},{"taxonomy":"post_tag","embeddable":true,"href":"https:\/\/enminutostlx.com\/index.php?rest_route=%2Fwp%2Fv2%2Ftags&post=673"}],"curies":[{"name":"wp","href":"https:\/\/api.w.org\/{rel}","templated":true}]}}