{"id":694,"date":"2023-07-03T22:50:45","date_gmt":"2023-07-03T22:50:45","guid":{"rendered":"https:\/\/enminutostlx.com\/?p=694"},"modified":"2023-07-26T16:05:46","modified_gmt":"2023-07-26T16:05:46","slug":"invita-ayuntamiento-de-huamantla-al-curso-de-verano-joven","status":"publish","type":"post","link":"https:\/\/enminutostlx.com\/?p=694","title":{"rendered":"INVITA AYUNTAMIENTO DE HUAMANTLA AL CURSO DE VERANO JOVEN"},"content":{"rendered":"\n<p>Fecha l\u00edmite de inscripci\u00f3n, mi\u00e9rcoles 12 de julio, tendr\u00e1 cupo limitado.<\/p>\n\n\n\n<p>El H. Ayuntamiento de Huamantla que preside Salvador Santos Cedillo, a trav\u00e9s de la Coordinaci\u00f3n de Juventud, invita al Curso de Verano Joven, totalmente gratuito, del 17 al 28 de julio, con actividades recreativas, culturales, deportivas y art\u00edsticas.<\/p>\n\n\n\n<p>Dirigido para las ni\u00f1as y ni\u00f1os de 8 a 12 a\u00f1os de edad, este curso de verano, tendr\u00e1 visitas guiadas a los sitios tur\u00edsticos de la ciudad, un taller de reposter\u00eda, juegos, actividades l\u00fadicas y de aprendizaje.<\/p>\n\n\n\n<p>La coordinadora de Juventud del municipio, Saraa\u00edn Montiel Montes, refiere que las y los interesados tendr\u00e1n hasta el mi\u00e9rcoles 12 de julio para inscribirse en las oficinas ubicadas en boulevard Cuamanco esquina con Reforma S\/N, en un horario de atenci\u00f3n de 9:00 a 17:00 horas. \u00danicamente deber\u00e1n presentar la CURP del menor.<\/p>\n\n\n\n<p>Con estas acciones, Salvador Santos Cedillo, impulsa actividades para la juventud huamantleca, donde a trav\u00e9s del sano esparcimiento se promueva la salud f\u00edsica y mental, y practiquen mejores h\u00e1bitos de vida.<\/p>\n","protected":false},"excerpt":{"rendered":"<p>Fecha l\u00edmite de inscripci\u00f3n, mi\u00e9rcoles 12 de julio, tendr\u00e1 cupo limitado. El H. Ayuntamiento de Huamantla que preside Salvador Santos Cedillo, a trav\u00e9s de la Coordinaci\u00f3n de Juventud, invita al Curso de Verano Joven, totalmente gratuito, del 17 al 28 de julio, con actividades recreativas, culturales, deportivas y art\u00edsticas. Dirigido para las ni\u00f1as y ni\u00f1os [&hellip;]<\/p>\n","protected":false},"author":2,"featured_media":695,"comment_status":"open","ping_status":"open","sticky":false,"template":"","format":"standard","meta":{"_themeisle_gutenberg_block_has_review":false,"footnotes":""},"categories":[26],"tags":[380,31,381],"class_list":["post-694","post","type-post","status-publish","format-standard","has-post-thumbnail","hentry","category-municipio","tag-cuarsos","tag-huamantla","tag-verano"],"_links":{"self":[{"href":"https:\/\/enminutostlx.com\/index.php?rest_route=\/wp\/v2\/posts\/694","targetHints":{"allow":["GET"]}}],"collection":[{"href":"https:\/\/enminutostlx.com\/index.php?rest_route=\/wp\/v2\/posts"}],"about":[{"href":"https:\/\/enminutostlx.com\/index.php?rest_route=\/wp\/v2\/types\/post"}],"author":[{"embeddable":true,"href":"https:\/\/enminutostlx.com\/index.php?rest_route=\/wp\/v2\/users\/2"}],"replies":[{"embeddable":true,"href":"https:\/\/enminutostlx.com\/index.php?rest_route=%2Fwp%2Fv2%2Fcomments&post=694"}],"version-history":[{"count":1,"href":"https:\/\/enminutostlx.com\/index.php?rest_route=\/wp\/v2\/posts\/694\/revisions"}],"predecessor-version":[{"id":696,"href":"https:\/\/enminutostlx.com\/index.php?rest_route=\/wp\/v2\/posts\/694\/revisions\/696"}],"wp:featuredmedia":[{"embeddable":true,"href":"https:\/\/enminutostlx.com\/index.php?rest_route=\/wp\/v2\/media\/695"}],"wp:attachment":[{"href":"https:\/\/enminutostlx.com\/index.php?rest_route=%2Fwp%2Fv2%2Fmedia&parent=694"}],"wp:term":[{"taxonomy":"category","embeddable":true,"href":"https:\/\/enminutostlx.com\/index.php?rest_route=%2Fwp%2Fv2%2Fcategories&post=694"},{"taxonomy":"post_tag","embeddable":true,"href":"https:\/\/enminutostlx.com\/index.php?rest_route=%2Fwp%2Fv2%2Ftags&post=694"}],"curies":[{"name":"wp","href":"https:\/\/api.w.org\/{rel}","templated":true}]}}