{"id":703,"date":"2023-07-05T04:12:57","date_gmt":"2023-07-05T04:12:57","guid":{"rendered":"https:\/\/enminutostlx.com\/?p=703"},"modified":"2023-07-26T16:03:57","modified_gmt":"2023-07-26T16:03:57","slug":"reconoce-el-secretario-de-educacion-publica-del-estado-el-apoyo-del-presidente-salvador-santos-cedillo-a-la-educacion-en-huamantla","status":"publish","type":"post","link":"https:\/\/enminutostlx.com\/?p=703","title":{"rendered":"RECONOCE EL SECRETARIO DE EDUCACI\u00d3N P\u00daBLICA DEL ESTADO EL APOYO DEL PRESIDENTE SALVADOR SANTOS CEDILLO A LA EDUCACI\u00d3N EN HUAMANTLA"},"content":{"rendered":"\n<p>Al reconocer el entusiasmo y dedicaci\u00f3n de alumnas y alumnos que terminaron su Educaci\u00f3n Media Superior, el presidente municipal de Huamantla, Salvador Santos Cedillo, felicit\u00f3 a 491 j\u00f3venes que este d\u00eda egresaron del Centro de Bachillerato Tecnol\u00f3gico Industrial y de Servicios (CBTIS) No. 61, y del Centro de Atenci\u00f3n para Estudiantes con Discapacidad (CAED).<\/p>\n\n\n\n<p>Acompa\u00f1ado por autoridades estatales, acad\u00e9micas y municipales, el Edil Santos Cedillo, destac\u00f3 que a pesar de ser una generaci\u00f3n que inici\u00f3 su formaci\u00f3n durante la pandemia por Covid-19, eso no los desalent\u00f3 para perseguir sus sue\u00f1os y alcanzar sus metas.<\/p>\n\n\n\n<p>\u201cUstedes son un ejemplo para todas las generaciones que les siguen, pues su determinaci\u00f3n por salir adelante fue m\u00e1s grande que una pandemia que nos hizo pasar momentos dif\u00edciles. Sigan adelante con su preparaci\u00f3n acad\u00e9mica pues en sus manos estar\u00e1 el progreso de nuestro municipio\u201d, se\u00f1al\u00f3.<\/p>\n\n\n\n<p>Por su parte, el secretario de Educaci\u00f3n P\u00fablica del Estado y titular de la Unidad de Servicios Educativos de Tlaxcala (SEPE-USET), Homero Meneses Hern\u00e1ndez, reconoci\u00f3 el impulso que Santos Cedillo ha dado a la comunidad educativa de Huamantla, pues sin distingo a apoyado a las escuelas de todos los niveles, lo que representa una posibilidad de desarrollo para ni\u00f1as, ni\u00f1os, y adolescentes del municipio.<\/p>\n\n\n\n<p>En su oportunidad, la directora del Cbtis No. 61, Maira Nayani Hern\u00e1ndez Jim\u00e9nez, agradeci\u00f3 el apoyo que la administraci\u00f3n de Salvador Santos Cedillo, le ha dado a la instituci\u00f3n, con la construcci\u00f3n de un aula did\u00e1ctica, campa\u00f1as de salud visual, pl\u00e1ticas de desarrollo integral, mobiliario, y apoyo para la construcci\u00f3n de un invernadero donde se producir\u00e1n Dalias.<\/p>\n\n\n\n<p>Finalmente, el alcalde Santos Cedillo, adelant\u00f3 que en el siguiente ciclo escolar, su administraci\u00f3n construir\u00e1 una nueva aula did\u00e1ctica para el desarrollo acad\u00e9mico en beneficio de m\u00e1s de 1,600 alumnos de esta instituci\u00f3n.<\/p>\n","protected":false},"excerpt":{"rendered":"<p>Al reconocer el entusiasmo y dedicaci\u00f3n de alumnas y alumnos que terminaron su Educaci\u00f3n Media Superior, el presidente municipal de Huamantla, Salvador Santos Cedillo, felicit\u00f3 a 491 j\u00f3venes que este d\u00eda egresaron del Centro de Bachillerato Tecnol\u00f3gico Industrial y de Servicios (CBTIS) No. 61, y del Centro de Atenci\u00f3n para Estudiantes con Discapacidad (CAED). Acompa\u00f1ado [&hellip;]<\/p>\n","protected":false},"author":2,"featured_media":704,"comment_status":"open","ping_status":"open","sticky":false,"template":"","format":"standard","meta":{"_themeisle_gutenberg_block_has_review":false,"footnotes":""},"categories":[26],"tags":[323,246,386],"class_list":["post-703","post","type-post","status-publish","format-standard","has-post-thumbnail","hentry","category-municipio","tag-clausura","tag-educacion","tag-sep"],"_links":{"self":[{"href":"https:\/\/enminutostlx.com\/index.php?rest_route=\/wp\/v2\/posts\/703","targetHints":{"allow":["GET"]}}],"collection":[{"href":"https:\/\/enminutostlx.com\/index.php?rest_route=\/wp\/v2\/posts"}],"about":[{"href":"https:\/\/enminutostlx.com\/index.php?rest_route=\/wp\/v2\/types\/post"}],"author":[{"embeddable":true,"href":"https:\/\/enminutostlx.com\/index.php?rest_route=\/wp\/v2\/users\/2"}],"replies":[{"embeddable":true,"href":"https:\/\/enminutostlx.com\/index.php?rest_route=%2Fwp%2Fv2%2Fcomments&post=703"}],"version-history":[{"count":1,"href":"https:\/\/enminutostlx.com\/index.php?rest_route=\/wp\/v2\/posts\/703\/revisions"}],"predecessor-version":[{"id":705,"href":"https:\/\/enminutostlx.com\/index.php?rest_route=\/wp\/v2\/posts\/703\/revisions\/705"}],"wp:featuredmedia":[{"embeddable":true,"href":"https:\/\/enminutostlx.com\/index.php?rest_route=\/wp\/v2\/media\/704"}],"wp:attachment":[{"href":"https:\/\/enminutostlx.com\/index.php?rest_route=%2Fwp%2Fv2%2Fmedia&parent=703"}],"wp:term":[{"taxonomy":"category","embeddable":true,"href":"https:\/\/enminutostlx.com\/index.php?rest_route=%2Fwp%2Fv2%2Fcategories&post=703"},{"taxonomy":"post_tag","embeddable":true,"href":"https:\/\/enminutostlx.com\/index.php?rest_route=%2Fwp%2Fv2%2Ftags&post=703"}],"curies":[{"name":"wp","href":"https:\/\/api.w.org\/{rel}","templated":true}]}}