{"id":738,"date":"2023-07-07T13:18:00","date_gmt":"2023-07-07T13:18:00","guid":{"rendered":"https:\/\/enminutostlx.com\/?p=738"},"modified":"2023-07-07T13:18:00","modified_gmt":"2023-07-07T13:18:00","slug":"encuentran-sin-vida-en-papalotla-a-joven-desparecido","status":"publish","type":"post","link":"https:\/\/enminutostlx.com\/?p=738","title":{"rendered":"Encuentran sin vida en Papalotla, a joven desparecido"},"content":{"rendered":"\n<p>Se trata de Carlos Ivan N., de 20 a\u00f1os de edad que despareci\u00f3 el 3 de julio. El cuerpo del masculino fue encontrado en estado de descomposici\u00f3n y suspendido de un punto fijo, por lo que param\u00e9dicos Voluntarios (UAM) le decretaron la ausencia de signos vitales<\/p>\n\n\n\n<p>Un joven de 20 a\u00f1os que ten\u00eda bolet\u00edn de b\u00fasqueda desde el pasado 4 de julio, fue ubicado sin vida al interior de la exhacienda Ebesa, ubicada en la calle Del Trabajo, en la comunidad de Panzacola, municipio de Papalotla.<\/p>\n\n\n\n<p>El \u00e1rea fue acordonada por polic\u00edas municipales, quienes dieron parte a la Procuradur\u00eda General de Justicia del Estado.<\/p>\n\n\n\n<p>Al parecer, el joven habr\u00eda atentado contra su vida y se espera que esta versi\u00f3n pueda ser confirmada por las autoridades o, en su defecto, desecharla.<\/p>\n","protected":false},"excerpt":{"rendered":"<p>Se trata de Carlos Ivan N., de 20 a\u00f1os de edad que despareci\u00f3 el 3 de julio. El cuerpo del masculino fue encontrado en estado de descomposici\u00f3n y suspendido de un punto fijo, por lo que param\u00e9dicos Voluntarios (UAM) le decretaron la ausencia de signos vitales Un joven de 20 a\u00f1os que ten\u00eda bolet\u00edn de [&hellip;]<\/p>\n","protected":false},"author":2,"featured_media":739,"comment_status":"open","ping_status":"open","sticky":false,"template":"","format":"standard","meta":{"_themeisle_gutenberg_block_has_review":false,"footnotes":""},"categories":[26,28],"tags":[272,118,294],"class_list":["post-738","post","type-post","status-publish","format-standard","has-post-thumbnail","hentry","category-municipio","category-nota-roja","tag-joven","tag-localizacion","tag-sin-vida"],"_links":{"self":[{"href":"https:\/\/enminutostlx.com\/index.php?rest_route=\/wp\/v2\/posts\/738","targetHints":{"allow":["GET"]}}],"collection":[{"href":"https:\/\/enminutostlx.com\/index.php?rest_route=\/wp\/v2\/posts"}],"about":[{"href":"https:\/\/enminutostlx.com\/index.php?rest_route=\/wp\/v2\/types\/post"}],"author":[{"embeddable":true,"href":"https:\/\/enminutostlx.com\/index.php?rest_route=\/wp\/v2\/users\/2"}],"replies":[{"embeddable":true,"href":"https:\/\/enminutostlx.com\/index.php?rest_route=%2Fwp%2Fv2%2Fcomments&post=738"}],"version-history":[{"count":1,"href":"https:\/\/enminutostlx.com\/index.php?rest_route=\/wp\/v2\/posts\/738\/revisions"}],"predecessor-version":[{"id":740,"href":"https:\/\/enminutostlx.com\/index.php?rest_route=\/wp\/v2\/posts\/738\/revisions\/740"}],"wp:featuredmedia":[{"embeddable":true,"href":"https:\/\/enminutostlx.com\/index.php?rest_route=\/wp\/v2\/media\/739"}],"wp:attachment":[{"href":"https:\/\/enminutostlx.com\/index.php?rest_route=%2Fwp%2Fv2%2Fmedia&parent=738"}],"wp:term":[{"taxonomy":"category","embeddable":true,"href":"https:\/\/enminutostlx.com\/index.php?rest_route=%2Fwp%2Fv2%2Fcategories&post=738"},{"taxonomy":"post_tag","embeddable":true,"href":"https:\/\/enminutostlx.com\/index.php?rest_route=%2Fwp%2Fv2%2Ftags&post=738"}],"curies":[{"name":"wp","href":"https:\/\/api.w.org\/{rel}","templated":true}]}}