{"id":758,"date":"2023-07-08T07:57:59","date_gmt":"2023-07-08T07:57:59","guid":{"rendered":"https:\/\/enminutostlx.com\/?p=758"},"modified":"2023-07-26T15:57:02","modified_gmt":"2023-07-26T15:57:02","slug":"convoca-ayuntamiento-de-huamantla-al-premio-municipal-de-la-juventud-2023","status":"publish","type":"post","link":"https:\/\/enminutostlx.com\/?p=758","title":{"rendered":"CONVOCA AYUNTAMIENTO DE HUAMANTLA AL PREMIO MUNICIPAL DE LA JUVENTUD 2023"},"content":{"rendered":"\n<p>Las y los interesados tendr\u00e1n hasta el 7 de agosto para inscribirse. La premiaci\u00f3n ser\u00e1 el 20 de agosto del a\u00f1o en curso.<\/p>\n\n\n\n<p>Con la finalidad de reconocer a las y los j\u00f3venes m\u00e1s destacados del municipio, el H. Ayuntamiento de Huamantla, a trav\u00e9s de la Coordinaci\u00f3n de Juventud, invita a participar en la convocatoria del Premio Municipal de la Juventud 2023.<\/p>\n\n\n\n<p>El edil de Huamantla, Salvador Santos Cedillo, afirm\u00f3 que con este premio, se logra estimular y motivar a las y los j\u00f3venes huamantlecos para desarrollar su talento y habilidades, de manera que a trav\u00e9s de su dedicaci\u00f3n, se logre un el cambio en la sociedad, generando un impacto positivo y siendo un ejemplo para otros j\u00f3venes.<\/p>\n\n\n\n<p>Las y los interesados deber\u00e1n tener entre 12 y 29 a\u00f1os, y destacar en algunas de las siguientes categor\u00edas: logro acad\u00e9mico, trayectoria art\u00edstica y cultural, compromiso y labor social, logro deportivo e Innovaci\u00f3n emprendedora.<\/p>\n\n\n\n<p>Por lo anterior, las y los ganadores ser\u00e1n acreedores de un reconocimiento a su esfuerzo y una remuneraci\u00f3n econ\u00f3mica de $5,000 pesos por categor\u00eda, es importante se\u00f1alar que solo se reconocer\u00e1 a una persona por categor\u00eda.<\/p>\n\n\n\n<p>Las propuestas al premio deber\u00e1n contener nombre, domicilio, edad, g\u00e9nero, logros obtenidos dentro del periodo que se tom\u00f3 en cuenta para la candidatura y documentos que los acrediten, por lo que deber\u00e1n solicitar el formato de registro a trav\u00e9s del correo: juventudhuamantla2124@gmail.com; o bien, directamente en las instalaciones de Juventud, ubicada en bulevar Cuamanco esquina con Reforma S\/N, en un horario de atenci\u00f3n de 9:00 a 17:00 horas.<\/p>\n","protected":false},"excerpt":{"rendered":"<p>Las y los interesados tendr\u00e1n hasta el 7 de agosto para inscribirse. La premiaci\u00f3n ser\u00e1 el 20 de agosto del a\u00f1o en curso. Con la finalidad de reconocer a las y los j\u00f3venes m\u00e1s destacados del municipio, el H. Ayuntamiento de Huamantla, a trav\u00e9s de la Coordinaci\u00f3n de Juventud, invita a participar en la convocatoria [&hellip;]<\/p>\n","protected":false},"author":2,"featured_media":759,"comment_status":"open","ping_status":"open","sticky":false,"template":"","format":"standard","meta":{"_themeisle_gutenberg_block_has_review":false,"footnotes":""},"categories":[26],"tags":[212,413],"class_list":["post-758","post","type-post","status-publish","format-standard","has-post-thumbnail","hentry","category-municipio","tag-ayuntamiento","tag-premio"],"_links":{"self":[{"href":"https:\/\/enminutostlx.com\/index.php?rest_route=\/wp\/v2\/posts\/758","targetHints":{"allow":["GET"]}}],"collection":[{"href":"https:\/\/enminutostlx.com\/index.php?rest_route=\/wp\/v2\/posts"}],"about":[{"href":"https:\/\/enminutostlx.com\/index.php?rest_route=\/wp\/v2\/types\/post"}],"author":[{"embeddable":true,"href":"https:\/\/enminutostlx.com\/index.php?rest_route=\/wp\/v2\/users\/2"}],"replies":[{"embeddable":true,"href":"https:\/\/enminutostlx.com\/index.php?rest_route=%2Fwp%2Fv2%2Fcomments&post=758"}],"version-history":[{"count":1,"href":"https:\/\/enminutostlx.com\/index.php?rest_route=\/wp\/v2\/posts\/758\/revisions"}],"predecessor-version":[{"id":760,"href":"https:\/\/enminutostlx.com\/index.php?rest_route=\/wp\/v2\/posts\/758\/revisions\/760"}],"wp:featuredmedia":[{"embeddable":true,"href":"https:\/\/enminutostlx.com\/index.php?rest_route=\/wp\/v2\/media\/759"}],"wp:attachment":[{"href":"https:\/\/enminutostlx.com\/index.php?rest_route=%2Fwp%2Fv2%2Fmedia&parent=758"}],"wp:term":[{"taxonomy":"category","embeddable":true,"href":"https:\/\/enminutostlx.com\/index.php?rest_route=%2Fwp%2Fv2%2Fcategories&post=758"},{"taxonomy":"post_tag","embeddable":true,"href":"https:\/\/enminutostlx.com\/index.php?rest_route=%2Fwp%2Fv2%2Ftags&post=758"}],"curies":[{"name":"wp","href":"https:\/\/api.w.org\/{rel}","templated":true}]}}