{"id":771,"date":"2023-07-09T00:27:40","date_gmt":"2023-07-09T00:27:40","guid":{"rendered":"https:\/\/enminutostlx.com\/?p=771"},"modified":"2023-07-27T14:03:37","modified_gmt":"2023-07-27T14:03:37","slug":"convoca-ayuntamiento-de-terrenate-a-jornada-de-salud-en-los-ameles","status":"publish","type":"post","link":"https:\/\/enminutostlx.com\/?p=771","title":{"rendered":"Convoca ayuntamiento de Terrenate a jornada de salud en \u201cLos ameles\u201d."},"content":{"rendered":"\n<p>El ayuntamiento de Terrenate que encabeza, Edgardo Olivares Cruz, en coordinaci\u00f3n con el DIF y la regiduria de salud incitan a la jornada de salud.<\/p>\n\n\n\n<p>En esta ocasi\u00f3n ser\u00e1 en la comunidad de \u201cLos ameles\u201d que se tendr\u00e1 el servicio de toma de Pedo, talla, glucosa, odontolog\u00eda, papanicolau, nutrici\u00f3n as\u00ed como consulta general.<\/p>\n\n\n\n<p>Con la finalidad de atender problemas de salud e iniciar con alg\u00fan tratamiento adem\u00e1s de ahorrar econom\u00eda a las familias de Terrenate.<\/p>\n","protected":false},"excerpt":{"rendered":"<p>El ayuntamiento de Terrenate que encabeza, Edgardo Olivares Cruz, en coordinaci\u00f3n con el DIF y la regiduria de salud incitan a la jornada de salud. En esta ocasi\u00f3n ser\u00e1 en la comunidad de \u201cLos ameles\u201d que se tendr\u00e1 el servicio de toma de Pedo, talla, glucosa, odontolog\u00eda, papanicolau, nutrici\u00f3n as\u00ed como consulta general. Con la [&hellip;]<\/p>\n","protected":false},"author":2,"featured_media":772,"comment_status":"open","ping_status":"open","sticky":false,"template":"","format":"standard","meta":{"_themeisle_gutenberg_block_has_review":false,"footnotes":""},"categories":[26],"tags":[73,50,157],"class_list":["post-771","post","type-post","status-publish","format-standard","has-post-thumbnail","hentry","category-municipio","tag-jornada","tag-salud","tag-terrenate"],"_links":{"self":[{"href":"https:\/\/enminutostlx.com\/index.php?rest_route=\/wp\/v2\/posts\/771","targetHints":{"allow":["GET"]}}],"collection":[{"href":"https:\/\/enminutostlx.com\/index.php?rest_route=\/wp\/v2\/posts"}],"about":[{"href":"https:\/\/enminutostlx.com\/index.php?rest_route=\/wp\/v2\/types\/post"}],"author":[{"embeddable":true,"href":"https:\/\/enminutostlx.com\/index.php?rest_route=\/wp\/v2\/users\/2"}],"replies":[{"embeddable":true,"href":"https:\/\/enminutostlx.com\/index.php?rest_route=%2Fwp%2Fv2%2Fcomments&post=771"}],"version-history":[{"count":1,"href":"https:\/\/enminutostlx.com\/index.php?rest_route=\/wp\/v2\/posts\/771\/revisions"}],"predecessor-version":[{"id":773,"href":"https:\/\/enminutostlx.com\/index.php?rest_route=\/wp\/v2\/posts\/771\/revisions\/773"}],"wp:featuredmedia":[{"embeddable":true,"href":"https:\/\/enminutostlx.com\/index.php?rest_route=\/wp\/v2\/media\/772"}],"wp:attachment":[{"href":"https:\/\/enminutostlx.com\/index.php?rest_route=%2Fwp%2Fv2%2Fmedia&parent=771"}],"wp:term":[{"taxonomy":"category","embeddable":true,"href":"https:\/\/enminutostlx.com\/index.php?rest_route=%2Fwp%2Fv2%2Fcategories&post=771"},{"taxonomy":"post_tag","embeddable":true,"href":"https:\/\/enminutostlx.com\/index.php?rest_route=%2Fwp%2Fv2%2Ftags&post=771"}],"curies":[{"name":"wp","href":"https:\/\/api.w.org\/{rel}","templated":true}]}}