{"id":774,"date":"2023-07-09T00:39:23","date_gmt":"2023-07-09T00:39:23","guid":{"rendered":"https:\/\/enminutostlx.com\/?p=774"},"modified":"2023-07-26T16:22:17","modified_gmt":"2023-07-26T16:22:17","slug":"presentan-la-feria-de-tocatlan-2023","status":"publish","type":"post","link":"https:\/\/enminutostlx.com\/?p=774","title":{"rendered":"Presentan la Feria de Tocatl\u00e1n 2023."},"content":{"rendered":"\n<p>El Presidenta Municipal de Tocatl\u00e1n, Quirino Torres Hern\u00e1ndez, acompa\u00f1ado de integrantes del Cabildo as\u00ed como p\u00fablico en general, realizaron la presentaci\u00f3n oficial de la Feria en su edici\u00f3n 2023.<\/p>\n\n\n\n<p>La fiesta en honor a la Virgen de la Asunci\u00f3n se realizar\u00e1 del 12 al 20 de agosto, con diferentes eventos culturales, art\u00edsticos, gastron\u00f3micos, sociales y religiosos.<\/p>\n\n\n\n<p>El edil se\u00f1al\u00f3 ser\u00e1 una feria para el gusto de todos, toda vez que el entretenimiento estar\u00e1 garantizado para chicos y grandes, solo exhort\u00f3 hacerlo con responsabilidad.<\/p>\n","protected":false},"excerpt":{"rendered":"<p>El Presidenta Municipal de Tocatl\u00e1n, Quirino Torres Hern\u00e1ndez, acompa\u00f1ado de integrantes del Cabildo as\u00ed como p\u00fablico en general, realizaron la presentaci\u00f3n oficial de la Feria en su edici\u00f3n 2023. La fiesta en honor a la Virgen de la Asunci\u00f3n se realizar\u00e1 del 12 al 20 de agosto, con diferentes eventos culturales, art\u00edsticos, gastron\u00f3micos, sociales y [&hellip;]<\/p>\n","protected":false},"author":2,"featured_media":775,"comment_status":"open","ping_status":"open","sticky":false,"template":"","format":"standard","meta":{"_themeisle_gutenberg_block_has_review":false,"footnotes":""},"categories":[26],"tags":[302,122,178],"class_list":["post-774","post","type-post","status-publish","format-standard","has-post-thumbnail","hentry","category-municipio","tag-302","tag-feria","tag-tocatlan-2"],"_links":{"self":[{"href":"https:\/\/enminutostlx.com\/index.php?rest_route=\/wp\/v2\/posts\/774","targetHints":{"allow":["GET"]}}],"collection":[{"href":"https:\/\/enminutostlx.com\/index.php?rest_route=\/wp\/v2\/posts"}],"about":[{"href":"https:\/\/enminutostlx.com\/index.php?rest_route=\/wp\/v2\/types\/post"}],"author":[{"embeddable":true,"href":"https:\/\/enminutostlx.com\/index.php?rest_route=\/wp\/v2\/users\/2"}],"replies":[{"embeddable":true,"href":"https:\/\/enminutostlx.com\/index.php?rest_route=%2Fwp%2Fv2%2Fcomments&post=774"}],"version-history":[{"count":1,"href":"https:\/\/enminutostlx.com\/index.php?rest_route=\/wp\/v2\/posts\/774\/revisions"}],"predecessor-version":[{"id":776,"href":"https:\/\/enminutostlx.com\/index.php?rest_route=\/wp\/v2\/posts\/774\/revisions\/776"}],"wp:featuredmedia":[{"embeddable":true,"href":"https:\/\/enminutostlx.com\/index.php?rest_route=\/wp\/v2\/media\/775"}],"wp:attachment":[{"href":"https:\/\/enminutostlx.com\/index.php?rest_route=%2Fwp%2Fv2%2Fmedia&parent=774"}],"wp:term":[{"taxonomy":"category","embeddable":true,"href":"https:\/\/enminutostlx.com\/index.php?rest_route=%2Fwp%2Fv2%2Fcategories&post=774"},{"taxonomy":"post_tag","embeddable":true,"href":"https:\/\/enminutostlx.com\/index.php?rest_route=%2Fwp%2Fv2%2Ftags&post=774"}],"curies":[{"name":"wp","href":"https:\/\/api.w.org\/{rel}","templated":true}]}}