{"id":796,"date":"2023-07-11T02:55:25","date_gmt":"2023-07-11T02:55:25","guid":{"rendered":"https:\/\/enminutostlx.com\/?p=796"},"modified":"2023-07-26T15:38:20","modified_gmt":"2023-07-26T15:38:20","slug":"con-trabajo-en-equipo-se-benefician-las-familias-huamantlecas-en-atencion-a-la-salud-salvador-santos-cedillo","status":"publish","type":"post","link":"https:\/\/enminutostlx.com\/?p=796","title":{"rendered":"CON TRABAJO EN EQUIPO SE BENEFICIAN LAS FAMILIAS HUAMANTLECAS EN ATENCI\u00d3N A LA SALUD: SALVADOR SANTOS CEDILLO"},"content":{"rendered":"\n<p>\u00b7 Autoridades estatales y municipales ponen en marcha en Huamantla la Primera Jornada Nacional de Salud P\u00fablica.<\/p>\n\n\n\n<p>\u00b7 Se llevar\u00e1 a cabo del 10 al 21 de julio en todas las unidades m\u00e9dicas del estado.<\/p>\n\n\n\n<p>Con la instalaci\u00f3n de diversos m\u00f3dulos en el Parque Ju\u00e1rez para atender a la poblaci\u00f3n huamantleca, autoridades municipales y estatales pusieron en marcha la Primera Jornada Nacional de Salud P\u00fablica, misma que se realizar\u00e1 en todas las unidades m\u00e9dicas de Tlaxcala del 10 al 21 de julio.<\/p>\n\n\n\n<p>El presidente municipal de Huamantla, Salvador Santos Cedillo, asegur\u00f3 que gracias al trabajo coordinado con el gobierno de Lorena Cu\u00e9llar Cisneros, se ha podido garantizar un acceso a la salud como nunca antes, lo que beneficia a una gran cantidad de huamantlecos con atenci\u00f3n y medicinas gratuitas.<\/p>\n\n\n\n<p>\u201cTenemos que reconocer a las y los trabajadores de la salud, pues en tiempos de pandemia ellos fueron la primera l\u00ednea de defensa que tuvimos todos los ciudadanos, es algo que no debemos de olvidar; y hoy con el inicio de esta Jornada de Salud, podremos vacunar a nuestros ni\u00f1os y j\u00f3venes, recibir la atenci\u00f3n necesaria para nuestro correcto desarrollo\u201d, mencion\u00f3.<\/p>\n\n\n\n<p>Por su parte, el secretario de Salud y director general del O.P.D. Salud de Tlaxcala, Rigoberto Zamudio Meneses, agradeci\u00f3 el apoyo y recibimiento del Edil Santos Cedillo, de quien mencion\u00f3 se nota el arduo trabajo que su administraci\u00f3n ha realizado en Huamantla, atendiendo todos los sectores para bien de las y los huamantlecos.<\/p>\n\n\n\n<p>\u201cPara este gobierno que encabeza Lorena Cu\u00e9llar Cisneros es tener comunidades sanas, porque la comunidad es lo que representa el bienestar de una sociedad; sin duda, es un trabajo en equipo donde todos somos parte fundamental, a trav\u00e9s de IMSS, ISSSTE, SEDIF, tendremos comunidades sanas, comunidades fuertes\u201d, se\u00f1al\u00f3.<\/p>\n\n\n\n<p>Finalmente, la presidenta honor\u00edfica del Sistema Estatal para el Desarrollo Integral de la Familia (SEDIF), Mariana Espinosa de los Monteros Cu\u00e9llar, reiter\u00f3 su compromiso con brindar servicios integrales de promoci\u00f3n, prevenci\u00f3n y educaci\u00f3n de la salud, a fin de promover una mejor calidad de vida en la poblaci\u00f3n.<\/p>\n\n\n\n<p>En los m\u00f3dulos que se colocaron en el Parque Ju\u00e1rez se brindaba informaci\u00f3n sobre salud mental y adicciones, salud materna, planificaci\u00f3n familiar, enfermedades cardiometab\u00f3licas, y prevenci\u00f3n de la violencia de g\u00e9nero.<\/p>\n","protected":false},"excerpt":{"rendered":"<p>\u00b7 Autoridades estatales y municipales ponen en marcha en Huamantla la Primera Jornada Nacional de Salud P\u00fablica. \u00b7 Se llevar\u00e1 a cabo del 10 al 21 de julio en todas las unidades m\u00e9dicas del estado. Con la instalaci\u00f3n de diversos m\u00f3dulos en el Parque Ju\u00e1rez para atender a la poblaci\u00f3n huamantleca, autoridades municipales y estatales [&hellip;]<\/p>\n","protected":false},"author":2,"featured_media":797,"comment_status":"open","ping_status":"open","sticky":false,"template":"","format":"standard","meta":{"_themeisle_gutenberg_block_has_review":false,"footnotes":""},"categories":[26],"tags":[249,421],"class_list":["post-796","post","type-post","status-publish","format-standard","has-post-thumbnail","hentry","category-municipio","tag-chava-santos","tag-trabajo-en-equipo-familia-huamantlecas"],"_links":{"self":[{"href":"https:\/\/enminutostlx.com\/index.php?rest_route=\/wp\/v2\/posts\/796","targetHints":{"allow":["GET"]}}],"collection":[{"href":"https:\/\/enminutostlx.com\/index.php?rest_route=\/wp\/v2\/posts"}],"about":[{"href":"https:\/\/enminutostlx.com\/index.php?rest_route=\/wp\/v2\/types\/post"}],"author":[{"embeddable":true,"href":"https:\/\/enminutostlx.com\/index.php?rest_route=\/wp\/v2\/users\/2"}],"replies":[{"embeddable":true,"href":"https:\/\/enminutostlx.com\/index.php?rest_route=%2Fwp%2Fv2%2Fcomments&post=796"}],"version-history":[{"count":1,"href":"https:\/\/enminutostlx.com\/index.php?rest_route=\/wp\/v2\/posts\/796\/revisions"}],"predecessor-version":[{"id":798,"href":"https:\/\/enminutostlx.com\/index.php?rest_route=\/wp\/v2\/posts\/796\/revisions\/798"}],"wp:featuredmedia":[{"embeddable":true,"href":"https:\/\/enminutostlx.com\/index.php?rest_route=\/wp\/v2\/media\/797"}],"wp:attachment":[{"href":"https:\/\/enminutostlx.com\/index.php?rest_route=%2Fwp%2Fv2%2Fmedia&parent=796"}],"wp:term":[{"taxonomy":"category","embeddable":true,"href":"https:\/\/enminutostlx.com\/index.php?rest_route=%2Fwp%2Fv2%2Fcategories&post=796"},{"taxonomy":"post_tag","embeddable":true,"href":"https:\/\/enminutostlx.com\/index.php?rest_route=%2Fwp%2Fv2%2Ftags&post=796"}],"curies":[{"name":"wp","href":"https:\/\/api.w.org\/{rel}","templated":true}]}}