{"id":812,"date":"2023-07-11T04:24:54","date_gmt":"2023-07-11T04:24:54","guid":{"rendered":"https:\/\/enminutostlx.com\/?p=812"},"modified":"2023-07-27T14:01:12","modified_gmt":"2023-07-27T14:01:12","slug":"con-exito-inicia-la-expo-feria-2023","status":"publish","type":"post","link":"https:\/\/enminutostlx.com\/?p=812","title":{"rendered":"Con \u00e9xito inicia la Expo Feria Tequexquitla 2023."},"content":{"rendered":"\n<p>Este fin de semana se inaugur\u00f3 la feria de El Carmen Tequexquitla en su edici\u00f3n 2023, con grandes expectativas que se han cumolido y que hasta ahora ha roto los niveles.<\/p>\n\n\n\n<p>Con la presentaci\u00f3n art\u00edstica de R\u00edo Roma, fue que asistentes disfrutaron de este d\u00fao, con melod\u00edas que han marcado a varias generaciones.<\/p>\n\n\n\n<p>La alcaldesa, Araceli Martinez Cortez, invit\u00f3 a la ciudadan\u00eda a participar en este ExpoFeria que promete dar de qu\u00e9 hablar y superar el record de la pasada edici\u00f3n, con eventos para todos los gustos.<\/p>\n","protected":false},"excerpt":{"rendered":"<p>Este fin de semana se inaugur\u00f3 la feria de El Carmen Tequexquitla en su edici\u00f3n 2023, con grandes expectativas que se han cumolido y que hasta ahora ha roto los niveles. Con la presentaci\u00f3n art\u00edstica de R\u00edo Roma, fue que asistentes disfrutaron de este d\u00fao, con melod\u00edas que han marcado a varias generaciones. La alcaldesa, [&hellip;]<\/p>\n","protected":false},"author":2,"featured_media":813,"comment_status":"open","ping_status":"open","sticky":false,"template":"","format":"standard","meta":{"_themeisle_gutenberg_block_has_review":false,"footnotes":""},"categories":[26],"tags":[122,425,359],"class_list":["post-812","post","type-post","status-publish","format-standard","has-post-thumbnail","hentry","category-municipio","tag-feria","tag-inicio","tag-tequexquitla"],"_links":{"self":[{"href":"https:\/\/enminutostlx.com\/index.php?rest_route=\/wp\/v2\/posts\/812","targetHints":{"allow":["GET"]}}],"collection":[{"href":"https:\/\/enminutostlx.com\/index.php?rest_route=\/wp\/v2\/posts"}],"about":[{"href":"https:\/\/enminutostlx.com\/index.php?rest_route=\/wp\/v2\/types\/post"}],"author":[{"embeddable":true,"href":"https:\/\/enminutostlx.com\/index.php?rest_route=\/wp\/v2\/users\/2"}],"replies":[{"embeddable":true,"href":"https:\/\/enminutostlx.com\/index.php?rest_route=%2Fwp%2Fv2%2Fcomments&post=812"}],"version-history":[{"count":2,"href":"https:\/\/enminutostlx.com\/index.php?rest_route=\/wp\/v2\/posts\/812\/revisions"}],"predecessor-version":[{"id":818,"href":"https:\/\/enminutostlx.com\/index.php?rest_route=\/wp\/v2\/posts\/812\/revisions\/818"}],"wp:featuredmedia":[{"embeddable":true,"href":"https:\/\/enminutostlx.com\/index.php?rest_route=\/wp\/v2\/media\/813"}],"wp:attachment":[{"href":"https:\/\/enminutostlx.com\/index.php?rest_route=%2Fwp%2Fv2%2Fmedia&parent=812"}],"wp:term":[{"taxonomy":"category","embeddable":true,"href":"https:\/\/enminutostlx.com\/index.php?rest_route=%2Fwp%2Fv2%2Fcategories&post=812"},{"taxonomy":"post_tag","embeddable":true,"href":"https:\/\/enminutostlx.com\/index.php?rest_route=%2Fwp%2Fv2%2Ftags&post=812"}],"curies":[{"name":"wp","href":"https:\/\/api.w.org\/{rel}","templated":true}]}}