{"id":841,"date":"2023-07-12T03:40:03","date_gmt":"2023-07-12T03:40:03","guid":{"rendered":"https:\/\/enminutostlx.com\/?p=841"},"modified":"2023-07-27T13:57:10","modified_gmt":"2023-07-27T13:57:10","slug":"presentaran-la-feria-de-cuapiaxtla-2023","status":"publish","type":"post","link":"https:\/\/enminutostlx.com\/?p=841","title":{"rendered":"Presentar\u00e1n la Feria de Cuapiaxtla 2023."},"content":{"rendered":"\n<p>El Ayuntamiento de Cuapiaxtla que encabeza, Antonio Romero Rodr\u00edguez, invita a la presentaci\u00f3n de la Feria de la demarcaci\u00f3n 2023.<\/p>\n\n\n\n<p>Este mi\u00e9rcoles 12 de julio la presentaci\u00f3n de la Feria se realizar\u00e1 en punto de las 07:30 de la noche, en las instalaciones de Presidencia Municipal.<\/p>\n\n\n\n<p>Las autoridades han adelantando que ser\u00e1 una feria al nivel de Cuapiaxtla y de todos los habitantes con la finalidad de lograr reactivar la econom\u00eda de la demarcaci\u00f3n.<\/p>\n","protected":false},"excerpt":{"rendered":"<p>El Ayuntamiento de Cuapiaxtla que encabeza, Antonio Romero Rodr\u00edguez, invita a la presentaci\u00f3n de la Feria de la demarcaci\u00f3n 2023. Este mi\u00e9rcoles 12 de julio la presentaci\u00f3n de la Feria se realizar\u00e1 en punto de las 07:30 de la noche, en las instalaciones de Presidencia Municipal. Las autoridades han adelantando que ser\u00e1 una feria al [&hellip;]<\/p>\n","protected":false},"author":2,"featured_media":842,"comment_status":"open","ping_status":"open","sticky":false,"template":"","format":"standard","meta":{"_themeisle_gutenberg_block_has_review":false,"footnotes":""},"categories":[26],"tags":[172,122,301],"class_list":["post-841","post","type-post","status-publish","format-standard","has-post-thumbnail","hentry","category-municipio","tag-cuapiaxtla","tag-feria","tag-presentacion"],"_links":{"self":[{"href":"https:\/\/enminutostlx.com\/index.php?rest_route=\/wp\/v2\/posts\/841","targetHints":{"allow":["GET"]}}],"collection":[{"href":"https:\/\/enminutostlx.com\/index.php?rest_route=\/wp\/v2\/posts"}],"about":[{"href":"https:\/\/enminutostlx.com\/index.php?rest_route=\/wp\/v2\/types\/post"}],"author":[{"embeddable":true,"href":"https:\/\/enminutostlx.com\/index.php?rest_route=\/wp\/v2\/users\/2"}],"replies":[{"embeddable":true,"href":"https:\/\/enminutostlx.com\/index.php?rest_route=%2Fwp%2Fv2%2Fcomments&post=841"}],"version-history":[{"count":1,"href":"https:\/\/enminutostlx.com\/index.php?rest_route=\/wp\/v2\/posts\/841\/revisions"}],"predecessor-version":[{"id":843,"href":"https:\/\/enminutostlx.com\/index.php?rest_route=\/wp\/v2\/posts\/841\/revisions\/843"}],"wp:featuredmedia":[{"embeddable":true,"href":"https:\/\/enminutostlx.com\/index.php?rest_route=\/wp\/v2\/media\/842"}],"wp:attachment":[{"href":"https:\/\/enminutostlx.com\/index.php?rest_route=%2Fwp%2Fv2%2Fmedia&parent=841"}],"wp:term":[{"taxonomy":"category","embeddable":true,"href":"https:\/\/enminutostlx.com\/index.php?rest_route=%2Fwp%2Fv2%2Fcategories&post=841"},{"taxonomy":"post_tag","embeddable":true,"href":"https:\/\/enminutostlx.com\/index.php?rest_route=%2Fwp%2Fv2%2Ftags&post=841"}],"curies":[{"name":"wp","href":"https:\/\/api.w.org\/{rel}","templated":true}]}}