{"id":854,"date":"2023-07-12T21:11:03","date_gmt":"2023-07-12T21:11:03","guid":{"rendered":"https:\/\/enminutostlx.com\/?p=854"},"modified":"2023-07-26T15:34:30","modified_gmt":"2023-07-26T15:34:30","slug":"autoridades-municipales-estatales-y-cuerpos-de-seguridad-revisan-la-logistica-de-la-carrera-de-carcachas","status":"publish","type":"post","link":"https:\/\/enminutostlx.com\/?p=854","title":{"rendered":"AUTORIDADES MUNICIPALES, ESTATALES Y CUERPOS DE SEGURIDAD REVISAN LA LOG\u00cdSTICA DE LA CARRERA DE CARCACHAS"},"content":{"rendered":"\n<p>\u00b7 Preparan uno de los eventos m\u00e1s esperados en la Feria Internacional del Arte Ef\u00edmero y la Dalia 2023.<\/p>\n\n\n\n<p>Con el prop\u00f3sito de coordinar acciones que permitan mejorar la seguridad durante la Edici\u00f3n 51 de la tradicional Carrera de Carcachas 2023, autoridades municipales, estatales y cuerpos de seguridad de los tres \u00f3rdenes de gobierno, se reunieron con los miembros del Club Automovil\u00edstico de Huamantla para revisar la log\u00edstica de dicho evento.<\/p>\n\n\n\n<p>Como parte de las acciones coordinadas con los organizadores del evento, el gobierno municipal que preside Salvador Santos Cedillo, ha servido como enlace entre las autoridades estatales y cuerpos de emergencias, para abordar temas como recorrido, reglamento, y sobre todo, el lugar donde se llevar\u00e1n a cabo las carreras.<\/p>\n\n\n\n<p>En dicha reuni\u00f3n, destac\u00f3 la presencia del secretario de Desarrollo Econ\u00f3mico del Gobierno del Estado, Javier Marroqu\u00edn, de quien depende el Fidecix y la Ciudad Industrial Xicoht\u00e9ncatl II.<\/p>\n\n\n\n<p>Cabe resaltar que habr\u00e1 puestos de revisi\u00f3n por todo el circuito, se les har\u00e1n pruebas de alcoholimetr\u00eda a los pilotos; todo esto, con la finalidad de prevenir accidentes y salvaguardar la vida y seguridad de las y los asistentes a este evento de alto riesgo.<\/p>\n","protected":false},"excerpt":{"rendered":"<p>\u00b7 Preparan uno de los eventos m\u00e1s esperados en la Feria Internacional del Arte Ef\u00edmero y la Dalia 2023. Con el prop\u00f3sito de coordinar acciones que permitan mejorar la seguridad durante la Edici\u00f3n 51 de la tradicional Carrera de Carcachas 2023, autoridades municipales, estatales y cuerpos de seguridad de los tres \u00f3rdenes de gobierno, se [&hellip;]<\/p>\n","protected":false},"author":2,"featured_media":855,"comment_status":"open","ping_status":"open","sticky":false,"template":"","format":"standard","meta":{"_themeisle_gutenberg_block_has_review":false,"footnotes":""},"categories":[26],"tags":[439,317,440,31],"class_list":["post-854","post","type-post","status-publish","format-standard","has-post-thumbnail","hentry","category-municipio","tag-carrera-de-carcachas","tag-feria-huamantla","tag-fidecix","tag-huamantla"],"_links":{"self":[{"href":"https:\/\/enminutostlx.com\/index.php?rest_route=\/wp\/v2\/posts\/854","targetHints":{"allow":["GET"]}}],"collection":[{"href":"https:\/\/enminutostlx.com\/index.php?rest_route=\/wp\/v2\/posts"}],"about":[{"href":"https:\/\/enminutostlx.com\/index.php?rest_route=\/wp\/v2\/types\/post"}],"author":[{"embeddable":true,"href":"https:\/\/enminutostlx.com\/index.php?rest_route=\/wp\/v2\/users\/2"}],"replies":[{"embeddable":true,"href":"https:\/\/enminutostlx.com\/index.php?rest_route=%2Fwp%2Fv2%2Fcomments&post=854"}],"version-history":[{"count":1,"href":"https:\/\/enminutostlx.com\/index.php?rest_route=\/wp\/v2\/posts\/854\/revisions"}],"predecessor-version":[{"id":856,"href":"https:\/\/enminutostlx.com\/index.php?rest_route=\/wp\/v2\/posts\/854\/revisions\/856"}],"wp:featuredmedia":[{"embeddable":true,"href":"https:\/\/enminutostlx.com\/index.php?rest_route=\/wp\/v2\/media\/855"}],"wp:attachment":[{"href":"https:\/\/enminutostlx.com\/index.php?rest_route=%2Fwp%2Fv2%2Fmedia&parent=854"}],"wp:term":[{"taxonomy":"category","embeddable":true,"href":"https:\/\/enminutostlx.com\/index.php?rest_route=%2Fwp%2Fv2%2Fcategories&post=854"},{"taxonomy":"post_tag","embeddable":true,"href":"https:\/\/enminutostlx.com\/index.php?rest_route=%2Fwp%2Fv2%2Ftags&post=854"}],"curies":[{"name":"wp","href":"https:\/\/api.w.org\/{rel}","templated":true}]}}