{"id":868,"date":"2023-07-14T04:46:04","date_gmt":"2023-07-14T04:46:04","guid":{"rendered":"https:\/\/enminutostlx.com\/?p=868"},"modified":"2023-07-14T04:46:04","modified_gmt":"2023-07-14T04:46:04","slug":"fomenta-ayuntamiento-de-huamantla-acciones-a-favor-del-cuidado-del-medio-ambiente-en-estudiantes","status":"publish","type":"post","link":"https:\/\/enminutostlx.com\/?p=868","title":{"rendered":"Fomenta ayuntamiento de Huamantla acciones a favor del cuidado del medio ambiente en estudiantes"},"content":{"rendered":"\n<ul class=\"wp-block-list\">\n<li>Entrega Salvador Santos Cedillo, 100 \u00e1rboles de durazno, manzana, higo, lim\u00f3n, granada y moras.<\/li>\n<\/ul>\n\n\n\n<p>Huamantla, Tlax., Jueves 13 Julio 2023.- Como parte de las acciones que impulsa el gobierno municipal de Huamantla a favor del medio ambiente, este d\u00eda el Edil Salvador Santos Cedillo, entreg\u00f3 \u00e1rboles frutales a los estudiantes de la Escuela Vicente Guerrero de la comunidad de San Jos\u00e9 Xicoht\u00e9ncatl.<\/p>\n\n\n\n<p>En su mensaje, el presidente municipal, record\u00f3 la importancia de cuidar el medio ambiente y el lugar donde vivimos, con acciones que permitan recuperar espacios los naturales y combatir los efectos del cambio clim\u00e1tico.<\/p>\n\n\n\n<p>\u201cDebemos promover la generaci\u00f3n y recuperaci\u00f3n de las zonas verdes en el municipio, y desde las instituciones educativas fomentar la plantaci\u00f3n y cuidado de los \u00e1rboles, pues ello nos garantizar\u00e1 un mejor futuro para todos\u201d, indic\u00f3.<\/p>\n\n\n\n<p>Por su parte, la directora de la escuela Sara\u00ed Morales S\u00e1nchez, agradeci\u00f3 esta iniciativa por parte del Ayuntamiento de Huamantla que refuerza con la pr\u00e1ctica lo aprendido en las aulas, adem\u00e1s de que se genera un compromiso con el medio ambiente y el entorno donde viven.<\/p>\n\n\n\n<p>En esta entrega hubo \u00e1rboles frutales de las especies de duraznos, manzanas, higos, lim\u00f3n, granadas y moras, aptos para el clima de esta zona, los cuales deber\u00e1n ser plantados en los siguientes d\u00edas aprovechando el ciclo de lluvias para garantizar su desarrollo.<\/p>\n","protected":false},"excerpt":{"rendered":"<p>Huamantla, Tlax., Jueves 13 Julio 2023.- Como parte de las acciones que impulsa el gobierno municipal de Huamantla a favor del medio ambiente, este d\u00eda el Edil Salvador Santos Cedillo, entreg\u00f3 \u00e1rboles frutales a los estudiantes de la Escuela Vicente Guerrero de la comunidad de San Jos\u00e9 Xicoht\u00e9ncatl. En su mensaje, el presidente municipal, record\u00f3 [&hellip;]<\/p>\n","protected":false},"author":2,"featured_media":869,"comment_status":"open","ping_status":"open","sticky":false,"template":"","format":"standard","meta":{"_themeisle_gutenberg_block_has_review":false,"footnotes":""},"categories":[26],"tags":[446],"class_list":["post-868","post","type-post","status-publish","format-standard","has-post-thumbnail","hentry","category-municipio","tag-arboles-frutales"],"_links":{"self":[{"href":"https:\/\/enminutostlx.com\/index.php?rest_route=\/wp\/v2\/posts\/868","targetHints":{"allow":["GET"]}}],"collection":[{"href":"https:\/\/enminutostlx.com\/index.php?rest_route=\/wp\/v2\/posts"}],"about":[{"href":"https:\/\/enminutostlx.com\/index.php?rest_route=\/wp\/v2\/types\/post"}],"author":[{"embeddable":true,"href":"https:\/\/enminutostlx.com\/index.php?rest_route=\/wp\/v2\/users\/2"}],"replies":[{"embeddable":true,"href":"https:\/\/enminutostlx.com\/index.php?rest_route=%2Fwp%2Fv2%2Fcomments&post=868"}],"version-history":[{"count":1,"href":"https:\/\/enminutostlx.com\/index.php?rest_route=\/wp\/v2\/posts\/868\/revisions"}],"predecessor-version":[{"id":870,"href":"https:\/\/enminutostlx.com\/index.php?rest_route=\/wp\/v2\/posts\/868\/revisions\/870"}],"wp:featuredmedia":[{"embeddable":true,"href":"https:\/\/enminutostlx.com\/index.php?rest_route=\/wp\/v2\/media\/869"}],"wp:attachment":[{"href":"https:\/\/enminutostlx.com\/index.php?rest_route=%2Fwp%2Fv2%2Fmedia&parent=868"}],"wp:term":[{"taxonomy":"category","embeddable":true,"href":"https:\/\/enminutostlx.com\/index.php?rest_route=%2Fwp%2Fv2%2Fcategories&post=868"},{"taxonomy":"post_tag","embeddable":true,"href":"https:\/\/enminutostlx.com\/index.php?rest_route=%2Fwp%2Fv2%2Ftags&post=868"}],"curies":[{"name":"wp","href":"https:\/\/api.w.org\/{rel}","templated":true}]}}