{"id":899,"date":"2023-07-18T00:09:28","date_gmt":"2023-07-18T00:09:28","guid":{"rendered":"https:\/\/enminutostlx.com\/?p=899"},"modified":"2023-07-26T16:20:21","modified_gmt":"2023-07-26T16:20:21","slug":"convoca-ayuntamiento-de-tocatlan-a-curso-de-verano","status":"publish","type":"post","link":"https:\/\/enminutostlx.com\/?p=899","title":{"rendered":"Convoca ayuntamiento de Tocatl\u00e1n a curso de verano."},"content":{"rendered":"\n<p>Las vacaciones est\u00e1n cerca y es el mejor momento para aprovechar el verano con mucha diversi\u00f3n y aprendizaje.<\/p>\n\n\n\n<p>Por ello el SEDIF Y SMDIF Municipal de Tocatl\u00e1n, invita a todos los peque\u00f1os de 7 a 12 a\u00f1os a participar en el curso de verano que se llevar\u00e1 a cabo del 24 de julio al 4 de agosto.<\/p>\n\n\n\n<p>Las inscripciones en el \u00e1rea de DIF Municipal de Tocatl\u00e1n antes de la fecha de inicio a fin de tener un mejor control de los peque\u00f1os a inscribir.<\/p>\n","protected":false},"excerpt":{"rendered":"<p>Las vacaciones est\u00e1n cerca y es el mejor momento para aprovechar el verano con mucha diversi\u00f3n y aprendizaje. Por ello el SEDIF Y SMDIF Municipal de Tocatl\u00e1n, invita a todos los peque\u00f1os de 7 a 12 a\u00f1os a participar en el curso de verano que se llevar\u00e1 a cabo del 24 de julio al 4 [&hellip;]<\/p>\n","protected":false},"author":2,"featured_media":900,"comment_status":"open","ping_status":"open","sticky":false,"template":"","format":"standard","meta":{"_themeisle_gutenberg_block_has_review":false,"footnotes":""},"categories":[26],"tags":[63,178,381],"class_list":["post-899","post","type-post","status-publish","format-standard","has-post-thumbnail","hentry","category-municipio","tag-curso","tag-tocatlan-2","tag-verano"],"_links":{"self":[{"href":"https:\/\/enminutostlx.com\/index.php?rest_route=\/wp\/v2\/posts\/899","targetHints":{"allow":["GET"]}}],"collection":[{"href":"https:\/\/enminutostlx.com\/index.php?rest_route=\/wp\/v2\/posts"}],"about":[{"href":"https:\/\/enminutostlx.com\/index.php?rest_route=\/wp\/v2\/types\/post"}],"author":[{"embeddable":true,"href":"https:\/\/enminutostlx.com\/index.php?rest_route=\/wp\/v2\/users\/2"}],"replies":[{"embeddable":true,"href":"https:\/\/enminutostlx.com\/index.php?rest_route=%2Fwp%2Fv2%2Fcomments&post=899"}],"version-history":[{"count":1,"href":"https:\/\/enminutostlx.com\/index.php?rest_route=\/wp\/v2\/posts\/899\/revisions"}],"predecessor-version":[{"id":901,"href":"https:\/\/enminutostlx.com\/index.php?rest_route=\/wp\/v2\/posts\/899\/revisions\/901"}],"wp:featuredmedia":[{"embeddable":true,"href":"https:\/\/enminutostlx.com\/index.php?rest_route=\/wp\/v2\/media\/900"}],"wp:attachment":[{"href":"https:\/\/enminutostlx.com\/index.php?rest_route=%2Fwp%2Fv2%2Fmedia&parent=899"}],"wp:term":[{"taxonomy":"category","embeddable":true,"href":"https:\/\/enminutostlx.com\/index.php?rest_route=%2Fwp%2Fv2%2Fcategories&post=899"},{"taxonomy":"post_tag","embeddable":true,"href":"https:\/\/enminutostlx.com\/index.php?rest_route=%2Fwp%2Fv2%2Ftags&post=899"}],"curies":[{"name":"wp","href":"https:\/\/api.w.org\/{rel}","templated":true}]}}