{"id":908,"date":"2023-07-18T23:11:25","date_gmt":"2023-07-18T23:11:25","guid":{"rendered":"https:\/\/enminutostlx.com\/?p=908"},"modified":"2023-07-27T13:54:37","modified_gmt":"2023-07-27T13:54:37","slug":"convocatoria-ayuntamiento-de-tequexquitla-para-participar-en-el-desfile-nocturno","status":"publish","type":"post","link":"https:\/\/enminutostlx.com\/?p=908","title":{"rendered":"CONVOCATORIA AYUNTAMIENTO DE TEQUEXQUITLA PARA PARTICIPAR EN EL DESFILE NOCTURNO."},"content":{"rendered":"\n<p>El gobierno municipal de Tequexquitla, que encabeza, Araceli Mart\u00ednez Cortez, invita a comercios y p\u00fablico en general a participar en el desfile nocturno de feria.<\/p>\n\n\n\n<p>Mismo que se desarrollar\u00e1 el pr\u00f3ximo 21 de julio a partir de las 7:00 de la noche, por las principales calles del municipio.<\/p>\n\n\n\n<p>Despu\u00e9s del desfile se publicar\u00e1n en la p\u00e1gina oficial del ayuntamiento las fotograf\u00edas de los carros participantes, por lo que tenga el mayor n\u00famero de reacciones ser\u00e1 el ganador.<\/p>\n","protected":false},"excerpt":{"rendered":"<p>El gobierno municipal de Tequexquitla, que encabeza, Araceli Mart\u00ednez Cortez, invita a comercios y p\u00fablico en general a participar en el desfile nocturno de feria. Mismo que se desarrollar\u00e1 el pr\u00f3ximo 21 de julio a partir de las 7:00 de la noche, por las principales calles del municipio. Despu\u00e9s del desfile se publicar\u00e1n en la [&hellip;]<\/p>\n","protected":false},"author":2,"featured_media":909,"comment_status":"open","ping_status":"open","sticky":false,"template":"","format":"standard","meta":{"_themeisle_gutenberg_block_has_review":false,"footnotes":""},"categories":[26],"tags":[463,464,359],"class_list":["post-908","post","type-post","status-publish","format-standard","has-post-thumbnail","hentry","category-municipio","tag-desfile","tag-nocturno","tag-tequexquitla"],"_links":{"self":[{"href":"https:\/\/enminutostlx.com\/index.php?rest_route=\/wp\/v2\/posts\/908","targetHints":{"allow":["GET"]}}],"collection":[{"href":"https:\/\/enminutostlx.com\/index.php?rest_route=\/wp\/v2\/posts"}],"about":[{"href":"https:\/\/enminutostlx.com\/index.php?rest_route=\/wp\/v2\/types\/post"}],"author":[{"embeddable":true,"href":"https:\/\/enminutostlx.com\/index.php?rest_route=\/wp\/v2\/users\/2"}],"replies":[{"embeddable":true,"href":"https:\/\/enminutostlx.com\/index.php?rest_route=%2Fwp%2Fv2%2Fcomments&post=908"}],"version-history":[{"count":1,"href":"https:\/\/enminutostlx.com\/index.php?rest_route=\/wp\/v2\/posts\/908\/revisions"}],"predecessor-version":[{"id":910,"href":"https:\/\/enminutostlx.com\/index.php?rest_route=\/wp\/v2\/posts\/908\/revisions\/910"}],"wp:featuredmedia":[{"embeddable":true,"href":"https:\/\/enminutostlx.com\/index.php?rest_route=\/wp\/v2\/media\/909"}],"wp:attachment":[{"href":"https:\/\/enminutostlx.com\/index.php?rest_route=%2Fwp%2Fv2%2Fmedia&parent=908"}],"wp:term":[{"taxonomy":"category","embeddable":true,"href":"https:\/\/enminutostlx.com\/index.php?rest_route=%2Fwp%2Fv2%2Fcategories&post=908"},{"taxonomy":"post_tag","embeddable":true,"href":"https:\/\/enminutostlx.com\/index.php?rest_route=%2Fwp%2Fv2%2Ftags&post=908"}],"curies":[{"name":"wp","href":"https:\/\/api.w.org\/{rel}","templated":true}]}}