{"id":926,"date":"2023-07-20T13:05:35","date_gmt":"2023-07-20T13:05:35","guid":{"rendered":"https:\/\/enminutostlx.com\/?p=926"},"modified":"2023-07-20T13:05:35","modified_gmt":"2023-07-20T13:05:35","slug":"ubican-sin-vida-y-con-aparentes-heridas-por-arma-blanca-a-un-septuagenario-en-mazatecochco","status":"publish","type":"post","link":"https:\/\/enminutostlx.com\/?p=926","title":{"rendered":"Ubican sin vida y con aparentes heridas por arma blanca a un septuagenario, en Mazatecochco"},"content":{"rendered":"\n<p>El hombre ten\u00eda abundante sangrado en la cabeza<\/p>\n\n\n\n<p>Un hombre de 78 a\u00f1os fue ubicado sin vida, con abundante sangrado en el \u00e1rea de la cabeza y con aparentes huellas por arma blanca.<\/p>\n\n\n\n<p>El hallazgo tuvo lugar en un domicilio particular ubicado en la calle Buenavista con Nuevo Laredo, de la Segunda Secci\u00f3n del municipio de Mazatecochco, alrededor de las 13:00 horas.<\/p>\n\n\n\n<p>Ah\u00ed, un familiar arrib\u00f3 a la casa y encontr\u00f3 a Silvestre N., tendido en el suelo de la vivienda, con abundante sangrado en la cabeza.<\/p>\n\n\n\n<p>Por lo anterior, los familiares se contactaron con los servicios prehospitalarios y de seguridad v\u00eda 911.<\/p>\n\n\n\n<p>Param\u00e9dicos UAM y polic\u00edas municipales se situaron en la zona y confirmaron que el septuagenario carec\u00eda de signos vitales<\/p>\n\n\n\n<p>El \u00e1rea fue acordonada y la Procuradur\u00eda General de Justicia del Estado (PGJE) se encarg\u00f3 de realizar las diligencias correspondientes y ya indaga este fallecimiento como un probable homicidio, aunque ser\u00e1 mediante la necropsia la que confirme si se trata de un hecho doloso.<\/p>\n","protected":false},"excerpt":{"rendered":"<p>El hombre ten\u00eda abundante sangrado en la cabeza Un hombre de 78 a\u00f1os fue ubicado sin vida, con abundante sangrado en el \u00e1rea de la cabeza y con aparentes huellas por arma blanca. El hallazgo tuvo lugar en un domicilio particular ubicado en la calle Buenavista con Nuevo Laredo, de la Segunda Secci\u00f3n del municipio [&hellip;]<\/p>\n","protected":false},"author":2,"featured_media":927,"comment_status":"open","ping_status":"open","sticky":false,"template":"","format":"standard","meta":{"_themeisle_gutenberg_block_has_review":false,"footnotes":""},"categories":[28],"tags":[469,470,86],"class_list":["post-926","post","type-post","status-publish","format-standard","has-post-thumbnail","hentry","category-nota-roja","tag-abuelito","tag-mazatecochco","tag-muerte"],"_links":{"self":[{"href":"https:\/\/enminutostlx.com\/index.php?rest_route=\/wp\/v2\/posts\/926","targetHints":{"allow":["GET"]}}],"collection":[{"href":"https:\/\/enminutostlx.com\/index.php?rest_route=\/wp\/v2\/posts"}],"about":[{"href":"https:\/\/enminutostlx.com\/index.php?rest_route=\/wp\/v2\/types\/post"}],"author":[{"embeddable":true,"href":"https:\/\/enminutostlx.com\/index.php?rest_route=\/wp\/v2\/users\/2"}],"replies":[{"embeddable":true,"href":"https:\/\/enminutostlx.com\/index.php?rest_route=%2Fwp%2Fv2%2Fcomments&post=926"}],"version-history":[{"count":1,"href":"https:\/\/enminutostlx.com\/index.php?rest_route=\/wp\/v2\/posts\/926\/revisions"}],"predecessor-version":[{"id":928,"href":"https:\/\/enminutostlx.com\/index.php?rest_route=\/wp\/v2\/posts\/926\/revisions\/928"}],"wp:featuredmedia":[{"embeddable":true,"href":"https:\/\/enminutostlx.com\/index.php?rest_route=\/wp\/v2\/media\/927"}],"wp:attachment":[{"href":"https:\/\/enminutostlx.com\/index.php?rest_route=%2Fwp%2Fv2%2Fmedia&parent=926"}],"wp:term":[{"taxonomy":"category","embeddable":true,"href":"https:\/\/enminutostlx.com\/index.php?rest_route=%2Fwp%2Fv2%2Fcategories&post=926"},{"taxonomy":"post_tag","embeddable":true,"href":"https:\/\/enminutostlx.com\/index.php?rest_route=%2Fwp%2Fv2%2Ftags&post=926"}],"curies":[{"name":"wp","href":"https:\/\/api.w.org\/{rel}","templated":true}]}}