{"id":929,"date":"2023-07-20T13:08:02","date_gmt":"2023-07-20T13:08:02","guid":{"rendered":"https:\/\/enminutostlx.com\/?p=929"},"modified":"2023-07-20T13:08:02","modified_gmt":"2023-07-20T13:08:02","slug":"trasladaran-monumento-de-miguel-arroyo-a-la-unidad-deportiva-tras-rehabilitacion","status":"publish","type":"post","link":"https:\/\/enminutostlx.com\/?p=929","title":{"rendered":"Trasladar\u00e1n monumento de Miguel Arroyo a la Unidad Deportiva tras rehabilitaci\u00f3n."},"content":{"rendered":"\n<p>El Presidente Municipal de Huamantla, Salvador Santos Cedillo, anunci\u00f3 a trav\u00e9s de sus redes sociales, que la estatua que se encuentra sobre el libramiento oriente de la ciudad de Miguel Arroyo Rosales, ser\u00e1 reubicado.<\/p>\n\n\n\n<p>Puntualiz\u00f3 que ser\u00e1 colocada en la Unidad Deportiva que lleva el nombre del \u201cHalc\u00f3n de Huamantla\u201d destacado ciclista y uno de los mejores deportistas que ha dado el pueblo m\u00e1gico, tras la rehabilitaci\u00f3n que vive este inmueble.<\/p>\n\n\n\n<p>Acot\u00f3, sostuvo una reuni\u00f3n con familiares de Miguel Arroyo, a fin de plantear esta iniciativa, dando resultados positivos , por lo que ahora estar\u00e1 en un lugar digno y representativo.<\/p>\n\n\n\n<p>Tambi\u00e9n, anunci\u00f3 la construcci\u00f3n de un museo en honor a Miguel Arroyo, pol\u00edtico, empresario, desp\u00f3ticas que perdio la vida el 31 de enero de 2020 en la ciudad de Puebla.<\/p>\n","protected":false},"excerpt":{"rendered":"<p>El Presidente Municipal de Huamantla, Salvador Santos Cedillo, anunci\u00f3 a trav\u00e9s de sus redes sociales, que la estatua que se encuentra sobre el libramiento oriente de la ciudad de Miguel Arroyo Rosales, ser\u00e1 reubicado. Puntualiz\u00f3 que ser\u00e1 colocada en la Unidad Deportiva que lleva el nombre del \u201cHalc\u00f3n de Huamantla\u201d destacado ciclista y uno de [&hellip;]<\/p>\n","protected":false},"author":2,"featured_media":930,"comment_status":"open","ping_status":"open","sticky":false,"template":"","format":"standard","meta":{"_themeisle_gutenberg_block_has_review":false,"footnotes":""},"categories":[26],"tags":[472,31,471],"class_list":["post-929","post","type-post","status-publish","format-standard","has-post-thumbnail","hentry","category-municipio","tag-estatua","tag-huamantla","tag-traslado"],"_links":{"self":[{"href":"https:\/\/enminutostlx.com\/index.php?rest_route=\/wp\/v2\/posts\/929","targetHints":{"allow":["GET"]}}],"collection":[{"href":"https:\/\/enminutostlx.com\/index.php?rest_route=\/wp\/v2\/posts"}],"about":[{"href":"https:\/\/enminutostlx.com\/index.php?rest_route=\/wp\/v2\/types\/post"}],"author":[{"embeddable":true,"href":"https:\/\/enminutostlx.com\/index.php?rest_route=\/wp\/v2\/users\/2"}],"replies":[{"embeddable":true,"href":"https:\/\/enminutostlx.com\/index.php?rest_route=%2Fwp%2Fv2%2Fcomments&post=929"}],"version-history":[{"count":1,"href":"https:\/\/enminutostlx.com\/index.php?rest_route=\/wp\/v2\/posts\/929\/revisions"}],"predecessor-version":[{"id":931,"href":"https:\/\/enminutostlx.com\/index.php?rest_route=\/wp\/v2\/posts\/929\/revisions\/931"}],"wp:featuredmedia":[{"embeddable":true,"href":"https:\/\/enminutostlx.com\/index.php?rest_route=\/wp\/v2\/media\/930"}],"wp:attachment":[{"href":"https:\/\/enminutostlx.com\/index.php?rest_route=%2Fwp%2Fv2%2Fmedia&parent=929"}],"wp:term":[{"taxonomy":"category","embeddable":true,"href":"https:\/\/enminutostlx.com\/index.php?rest_route=%2Fwp%2Fv2%2Fcategories&post=929"},{"taxonomy":"post_tag","embeddable":true,"href":"https:\/\/enminutostlx.com\/index.php?rest_route=%2Fwp%2Fv2%2Ftags&post=929"}],"curies":[{"name":"wp","href":"https:\/\/api.w.org\/{rel}","templated":true}]}}