{"id":950,"date":"2023-07-21T13:10:39","date_gmt":"2023-07-21T13:10:39","guid":{"rendered":"https:\/\/enminutostlx.com\/?p=950"},"modified":"2023-07-21T13:10:39","modified_gmt":"2023-07-21T13:10:39","slug":"ubican-calcinada-a-una-persona-en-terrenos-de-labor-en-zacatelco","status":"publish","type":"post","link":"https:\/\/enminutostlx.com\/?p=950","title":{"rendered":"Ubican calcinada a una persona en terrenos de labor, en Zacatelco"},"content":{"rendered":"\n<p>Se presume que se trata de una mujer<\/p>\n\n\n\n<p>Esta ma\u00f1ana, el cuerpo de una supuesta mujer fue encontrado calcinado en terrenos de labor, en el municipio de Zacatelco.<\/p>\n\n\n\n<p>Fue en el barrio de Guardia, espec\u00edficamente en las calles del Progreso y Los Ladrillos, a lado de la barranca &#8220;S\u00e1nchez&#8221; donde una persona dio aviso acerca de la presencia de un cuerpo totalmente calcinado sobre terrenos de campo.<\/p>\n\n\n\n<p>Polic\u00edas municipales acudieron al llamado y confirmaron el reporte, por lo que acordonaron la zona y dieron parte a la Procuradur\u00eda General de Justicia del Estado.<\/p>\n\n\n\n<p>Al resguardo tambi\u00e9n acudieron elementos de la Secretar\u00eda de Seguridad Ciudadana (SSC) y la Guardia Nacional, mientras el Grupo Multidisciplinario de Homicidios Dolosos llevaba a cabo las diligencias ministeriales.<\/p>\n\n\n\n<p>Alrededor de las 13:00 horas, el Servicio M\u00e9dico Forense efectu\u00f3 el levantamiento de los restos, mismos que fueron llevados al anfiteatro, en la ciudad de Tlaxcala.<\/p>\n\n\n\n<p>Ser\u00e1 a trav\u00e9s de los estudios necropsistas los que confirmen de que falleci\u00f3 esta persona y tambi\u00e9n el sexo de esta, aunque se habla de que el cad\u00e1ver pertenece a una mujer.<\/p>\n","protected":false},"excerpt":{"rendered":"<p>Se presume que se trata de una mujer Esta ma\u00f1ana, el cuerpo de una supuesta mujer fue encontrado calcinado en terrenos de labor, en el municipio de Zacatelco. Fue en el barrio de Guardia, espec\u00edficamente en las calles del Progreso y Los Ladrillos, a lado de la barranca &#8220;S\u00e1nchez&#8221; donde una persona dio aviso acerca [&hellip;]<\/p>\n","protected":false},"author":2,"featured_media":951,"comment_status":"open","ping_status":"open","sticky":false,"template":"","format":"standard","meta":{"_themeisle_gutenberg_block_has_review":false,"footnotes":""},"categories":[28],"tags":[486,485,487],"class_list":["post-950","post","type-post","status-publish","format-standard","has-post-thumbnail","hentry","category-nota-roja","tag-calcinada","tag-persona","tag-zacatelco"],"_links":{"self":[{"href":"https:\/\/enminutostlx.com\/index.php?rest_route=\/wp\/v2\/posts\/950","targetHints":{"allow":["GET"]}}],"collection":[{"href":"https:\/\/enminutostlx.com\/index.php?rest_route=\/wp\/v2\/posts"}],"about":[{"href":"https:\/\/enminutostlx.com\/index.php?rest_route=\/wp\/v2\/types\/post"}],"author":[{"embeddable":true,"href":"https:\/\/enminutostlx.com\/index.php?rest_route=\/wp\/v2\/users\/2"}],"replies":[{"embeddable":true,"href":"https:\/\/enminutostlx.com\/index.php?rest_route=%2Fwp%2Fv2%2Fcomments&post=950"}],"version-history":[{"count":1,"href":"https:\/\/enminutostlx.com\/index.php?rest_route=\/wp\/v2\/posts\/950\/revisions"}],"predecessor-version":[{"id":952,"href":"https:\/\/enminutostlx.com\/index.php?rest_route=\/wp\/v2\/posts\/950\/revisions\/952"}],"wp:featuredmedia":[{"embeddable":true,"href":"https:\/\/enminutostlx.com\/index.php?rest_route=\/wp\/v2\/media\/951"}],"wp:attachment":[{"href":"https:\/\/enminutostlx.com\/index.php?rest_route=%2Fwp%2Fv2%2Fmedia&parent=950"}],"wp:term":[{"taxonomy":"category","embeddable":true,"href":"https:\/\/enminutostlx.com\/index.php?rest_route=%2Fwp%2Fv2%2Fcategories&post=950"},{"taxonomy":"post_tag","embeddable":true,"href":"https:\/\/enminutostlx.com\/index.php?rest_route=%2Fwp%2Fv2%2Ftags&post=950"}],"curies":[{"name":"wp","href":"https:\/\/api.w.org\/{rel}","templated":true}]}}