{"id":986,"date":"2023-07-24T04:01:59","date_gmt":"2023-07-24T04:01:59","guid":{"rendered":"https:\/\/enminutostlx.com\/?p=986"},"modified":"2023-07-26T15:21:04","modified_gmt":"2023-07-26T15:21:04","slug":"educacion-vial-para-ninos-del-curso-de-verano","status":"publish","type":"post","link":"https:\/\/enminutostlx.com\/?p=986","title":{"rendered":"EDUCACI\u00d3N VIAL PARA NI\u00d1OS DEL CURSO DE VERANO."},"content":{"rendered":"\n<p>La Coordinaci\u00f3n de Deporte, a trav\u00e9s de la Direcci\u00f3n de Seguridad P\u00fablica, Tr\u00e1nsito y Protecci\u00f3n Civil, ha brindado una pl\u00e1tica informativa sobre educaci\u00f3n vial a las y los ni\u00f1os participantes del curso de verano, el objetivo principal es fomentar una cultura de prevenci\u00f3n de accidentes desde temprana edad.<\/p>\n\n\n\n<p>Durante la pl\u00e1tica, los elementos de Tr\u00e1nsito Municipal destacaron la importancia de cumplir y respetar los reglamentos de tr\u00e1nsito, contribuyendo as\u00ed a prevenir y evitar accidentes en las calles y proteger la integridad f\u00edsica de conductores y peatones.<\/p>\n\n\n\n<p>Adem\u00e1s, se realiz\u00f3 una demostraci\u00f3n de golpes K9 y una charla sobre el robo a infantes, con el prop\u00f3sito de fortalecer valores y buenas pr\u00e1cticas entre los futuros ciudadanos.<\/p>\n\n\n\n<p>La Direcci\u00f3n de Seguridad P\u00fablica de Huamantla hace un llamado a los padres de familia para tomar conciencia sobre la educaci\u00f3n de sus hijos en temas de seguridad, asimismo para aquellos interesados en recibir estas pl\u00e1ticas, se ofrecen los n\u00fameros telef\u00f3nicos para agendar fechas: (247) 108-23-20 y (247) 472-00-47; o bien, pueden acercarse a las oficinas de la Comisar\u00eda municipal ubicada en Bulevar Luis Donaldo Colosio, frente al Monumento al Toro.<\/p>\n","protected":false},"excerpt":{"rendered":"<p>La Coordinaci\u00f3n de Deporte, a trav\u00e9s de la Direcci\u00f3n de Seguridad P\u00fablica, Tr\u00e1nsito y Protecci\u00f3n Civil, ha brindado una pl\u00e1tica informativa sobre educaci\u00f3n vial a las y los ni\u00f1os participantes del curso de verano, el objetivo principal es fomentar una cultura de prevenci\u00f3n de accidentes desde temprana edad. Durante la pl\u00e1tica, los elementos de Tr\u00e1nsito [&hellip;]<\/p>\n","protected":false},"author":2,"featured_media":987,"comment_status":"open","ping_status":"open","sticky":false,"template":"","format":"standard","meta":{"_themeisle_gutenberg_block_has_review":false,"footnotes":""},"categories":[26],"tags":[502,499],"class_list":["post-986","post","type-post","status-publish","format-standard","has-post-thumbnail","hentry","category-municipio","tag-curso-de-verano","tag-policia-vial"],"_links":{"self":[{"href":"https:\/\/enminutostlx.com\/index.php?rest_route=\/wp\/v2\/posts\/986","targetHints":{"allow":["GET"]}}],"collection":[{"href":"https:\/\/enminutostlx.com\/index.php?rest_route=\/wp\/v2\/posts"}],"about":[{"href":"https:\/\/enminutostlx.com\/index.php?rest_route=\/wp\/v2\/types\/post"}],"author":[{"embeddable":true,"href":"https:\/\/enminutostlx.com\/index.php?rest_route=\/wp\/v2\/users\/2"}],"replies":[{"embeddable":true,"href":"https:\/\/enminutostlx.com\/index.php?rest_route=%2Fwp%2Fv2%2Fcomments&post=986"}],"version-history":[{"count":1,"href":"https:\/\/enminutostlx.com\/index.php?rest_route=\/wp\/v2\/posts\/986\/revisions"}],"predecessor-version":[{"id":988,"href":"https:\/\/enminutostlx.com\/index.php?rest_route=\/wp\/v2\/posts\/986\/revisions\/988"}],"wp:featuredmedia":[{"embeddable":true,"href":"https:\/\/enminutostlx.com\/index.php?rest_route=\/wp\/v2\/media\/987"}],"wp:attachment":[{"href":"https:\/\/enminutostlx.com\/index.php?rest_route=%2Fwp%2Fv2%2Fmedia&parent=986"}],"wp:term":[{"taxonomy":"category","embeddable":true,"href":"https:\/\/enminutostlx.com\/index.php?rest_route=%2Fwp%2Fv2%2Fcategories&post=986"},{"taxonomy":"post_tag","embeddable":true,"href":"https:\/\/enminutostlx.com\/index.php?rest_route=%2Fwp%2Fv2%2Ftags&post=986"}],"curies":[{"name":"wp","href":"https:\/\/api.w.org\/{rel}","templated":true}]}}